{"id":33330,"date":"2018-09-19T10:53:04","date_gmt":"2018-09-19T13:53:04","guid":{"rendered":"https:\/\/www.actualidadadiario.com\/?p=33330"},"modified":"2018-11-06T19:37:33","modified_gmt":"2018-11-06T22:37:33","slug":"licitan-la-construccion-de-nuevas-viviendas-en-cinco-localidades-entrerrianas","status":"publish","type":"post","link":"https:\/\/www.actualidadadiario.com\/index.php\/2018\/09\/19\/licitan-la-construccion-de-nuevas-viviendas-en-cinco-localidades-entrerrianas\/","title":{"rendered":"Licitan la construcci\u00f3n de nuevas viviendas en cinco localidades entrerrianas"},"content":{"rendered":"<p><em><strong>La provincia, a trav\u00e9s del Instituto Aut\u00e1rquico de Planeamiento y Vivienda (IAPV), licitar\u00e1 con fondos propios la ejecuci\u00f3n de 39 nuevas viviendas a construirse en cinco localidades entrerrianas, en el marco del programa Primero Tu Casa<\/strong><\/em><\/p>\n<p>&nbsp;<\/p>\n<p>&nbsp;<\/p>\n<p>&nbsp;<\/p>\n<p>&nbsp;<\/p>\n<p>En Estaci\u00f3n Faustino Parera se construir\u00e1n 4 viviendas; en General Racedo, diez viviendas; en Las Moscas 4 viviendas; en Primero de Mayo, cinco viviendas; y en Santa Elena, 16 viviendas.<\/p>\n<p>&nbsp;<\/p>\n<p>Las unidades habitacionales tienen un presupuesto oficial de m\u00e1s de 39 millones de pesos y las aperturas de las ofertas econ\u00f3micas se realizar\u00e1n el 16 de octubre en la sede del organismo provincial.<\/p>\n<p>&nbsp;<\/p>\n<p>El presidente del IAPV, Marcelo Casaretto dijo que &#8220;es una alegr\u00eda poder seguir construyendo nuevas viviendas en diversas localidades entrerrianas, ya que despu\u00e9s de 20 a\u00f1os, el gobierno provincial tiene una pol\u00edtica de vivienda propia, financiada con recursos propios, destinada a sectores que no pueden acceder a cr\u00e9ditos tradicionales&#8221;.<\/p>\n<p>&nbsp;<\/p>\n<p>En ese sentido, el funcionario resalt\u00f3 &#8220;la firme decisi\u00f3n pol\u00edtica del gobernador Gustavo Bordet de que la pol\u00edtica habitacional se consolide definitivamente en Entre R\u00edos y la expectativa que la ejecuci\u00f3n de estas obras genera en la ciudadan\u00eda, a partir de las soluciones habitacionales que se le brinda a los habitantes en cada una de las localidades a lo largo y ancho de nuestra geograf\u00eda&#8221;.<\/p>\n<p>&nbsp;<\/p>\n<p>Para Casaretto &#8220;el acceso a una vivienda digna consolida la familia, que es el n\u00facleo fundamental y b\u00e1sico de nuestra sociedad&#8221; y resalt\u00f3 que la obra p\u00fablica que se ejecuta y en especial la construcci\u00f3n de viviendas &#8220;mejora las condiciones de vida de la gente y genera trabajo genuino y directo.&#8221;<\/p>\n<p>&nbsp;<\/p>\n<p>Valor\u00f3 &#8220;el esfuerzo que el gobierno provincial, junto a los municipios, juntas de Gobierno y legisladores hacen para que nuevos vecinos puedan tener un hogar digno y asegurarles as\u00ed bienestar y prosperidad a sus hijos. De esta manera dignificamos la familia, siendo la vivienda una llave importante para una mejor integraci\u00f3n social de todos los entrerrianos&#8221;.<\/p>\n<p>&nbsp;<\/p>\n<p>El directivo expres\u00f3 que &#8220;seguiremos trabajando para poder entregar m\u00e1s viviendas, ejecutando pol\u00edticas inclusivas que generen mayor inversi\u00f3n, m\u00e1s trabajo y que nos permite a todos los entrerrianos seguir mirando hacia el futuro con optimismo&#8221;.<\/p>\n<p>&nbsp;<\/p>\n<p>&nbsp;<\/p>\n<p><strong>Primero tu Casa<\/strong><\/p>\n<p>A trav\u00e9s del programa Primero tu casa, se construir\u00e1n 1000 viviendas con fondos \u00edntegramente provinciales, destinadas a las familias que no pueden acceder a cr\u00e9ditos bancarios, y contempla llegar a un n\u00famero importante de localidades de los 17 departamentos de la geograf\u00eda provincial.<\/p>\n<p>&nbsp;<\/p>\n<p>Para el modelo de vivienda se dise\u00f1\u00f3 un prototipo universal y evolutivo de acuerdo a las diversas necesidades de los grupos familiares. Es as\u00ed que se cuenta con uno base de 28 m2 (monoambiente), de un dormitorio de 39 m2, y de dos dormitorios de 51m2. Los tres cuentan con las fundaciones para futuras ampliaciones. Asimismo, el plazo de ejecuci\u00f3n de las misma es de hasta 10 meses.<\/p>\n","protected":false},"excerpt":{"rendered":"<p>La provincia, a trav\u00e9s del Instituto Aut\u00e1rquico de Planeamiento y Vivienda (IAPV), licitar\u00e1 con fondos propios la ejecuci\u00f3n de 39 nuevas viviendas a construirse en cinco localidades entrerrianas, en el marco del programa Primero Tu Casa &nbsp; &nbsp; &nbsp; &nbsp; En Estaci\u00f3n Faustino Parera se construir\u00e1n 4 viviendas; en General Racedo, diez viviendas; en Las Moscas 4 viviendas; en Primero de Mayo, cinco viviendas; y en Santa Elena, 16 viviendas. &nbsp; Las unidades habitacionales tienen un presupuesto oficial de m\u00e1s de 39 millones de pesos y las aperturas de las&#8230;<\/p>\n","protected":false},"author":3,"featured_media":33331,"comment_status":"closed","ping_status":"closed","sticky":false,"template":"","format":"standard","meta":[],"categories":[15],"tags":[],"_links":{"self":[{"href":"https:\/\/www.actualidadadiario.com\/index.php\/wp-json\/wp\/v2\/posts\/33330"}],"collection":[{"href":"https:\/\/www.actualidadadiario.com\/index.php\/wp-json\/wp\/v2\/posts"}],"about":[{"href":"https:\/\/www.actualidadadiario.com\/index.php\/wp-json\/wp\/v2\/types\/post"}],"author":[{"embeddable":true,"href":"https:\/\/www.actualidadadiario.com\/index.php\/wp-json\/wp\/v2\/users\/3"}],"replies":[{"embeddable":true,"href":"https:\/\/www.actualidadadiario.com\/index.php\/wp-json\/wp\/v2\/comments?post=33330"}],"version-history":[{"count":1,"href":"https:\/\/www.actualidadadiario.com\/index.php\/wp-json\/wp\/v2\/posts\/33330\/revisions"}],"predecessor-version":[{"id":33332,"href":"https:\/\/www.actualidadadiario.com\/index.php\/wp-json\/wp\/v2\/posts\/33330\/revisions\/33332"}],"wp:featuredmedia":[{"embeddable":true,"href":"https:\/\/www.actualidadadiario.com\/index.php\/wp-json\/wp\/v2\/media\/33331"}],"wp:attachment":[{"href":"https:\/\/www.actualidadadiario.com\/index.php\/wp-json\/wp\/v2\/media?parent=33330"}],"wp:term":[{"taxonomy":"category","embeddable":true,"href":"https:\/\/www.actualidadadiario.com\/index.php\/wp-json\/wp\/v2\/categories?post=33330"},{"taxonomy":"post_tag","embeddable":true,"href":"https:\/\/www.actualidadadiario.com\/index.php\/wp-json\/wp\/v2\/tags?post=33330"}],"curies":[{"name":"wp","href":"https:\/\/api.w.org\/{rel}","templated":true}]}}