{"id":33327,"date":"2018-09-19T10:52:24","date_gmt":"2018-09-19T13:52:24","guid":{"rendered":"https:\/\/www.actualidadadiario.com\/?p=33327"},"modified":"2018-11-06T19:37:33","modified_gmt":"2018-11-06T22:37:33","slug":"la-provincia-adjudico-la-obra-para-la-puesta-en-valor-de-la-fachada-de-casa-de-gobierno","status":"publish","type":"post","link":"https:\/\/www.actualidadadiario.com\/index.php\/2018\/09\/19\/la-provincia-adjudico-la-obra-para-la-puesta-en-valor-de-la-fachada-de-casa-de-gobierno\/","title":{"rendered":"La provincia adjudic\u00f3 la obra para la puesta en valor de la fachada de Casa de Gobierno"},"content":{"rendered":"<p><em><strong>El gobernador Gustavo Bordet firm\u00f3 el decreto que adjudica la obra de restauraci\u00f3n y puesta en valor del hist\u00f3rico edificio. Los trabajos forman parte del Plan de revalorizaci\u00f3n de edificios p\u00fablicos y de patrimonio cultural que lleva adelante el gobierno provincial<\/strong><\/em><\/p>\n<p>&nbsp;<\/p>\n<p>&nbsp;<\/p>\n<p>&nbsp;<\/p>\n<p>&nbsp;<\/p>\n<p>Se trata de un proyecto de intervenci\u00f3n integral sobre la fachada y los espacios circundantes y se inscribe en el plan de trabajo que se viene ejecutando en la Casa Gris. Entre las obras se incluyen la refuncionalizaci\u00f3n de la Plaza Mansilla, la reconstrucci\u00f3n de espacios para crear el Sal\u00f3n Mujeres Entrerrianas, la Sala de Periodistas y el Museo Casa de Gobierno.<\/p>\n<p>&nbsp;<\/p>\n<p>En este marco, el ministro de Planeamiento Luis Bendetto, explic\u00f3: \u201cEsta nueva intervenci\u00f3n se suma a las que venimos llevando adelante que involucran la recuperaci\u00f3n y la puesta en valor de otros edificios que forman parte del patrimonio cultural y arquitect\u00f3nico de todos los entrerrianos. Son obras muy importantes tambi\u00e9n a nivel simb\u00f3lico, que incluyen obras como las que se est\u00e1n realizando en el Colegio Clavarino de Gualeguaych\u00fa, la escuela 25 de Mayo en Paran\u00e1, la restauraci\u00f3n de la Departamental de Polic\u00eda de la ciudad de La Paz, que ha sido finalizada, o la puesta en valor de la Casa de Fray Mocho. Adem\u00e1s, de la revalorizaci\u00f3n del complejo de la Escuela Hogar Eva Per\u00f3n y la restauraci\u00f3n del edificio de la Direcci\u00f3n de Personal, recientemente licitadas\u201d.<\/p>\n<p>&nbsp;<\/p>\n<p>La empresa que ejecutar\u00e1 la obra es Constructora Moia.<\/p>\n<p>&nbsp;<\/p>\n<p>&nbsp;<\/p>\n<p><strong>La obra<\/strong><\/p>\n<p>Los trabajos comprenden la intervenci\u00f3n integral de la totalidad de la superficie envolvente sobre calle De la Puente, comprendiendo almohadillados, columnas adosadas, frisos, comisas, molduras y dentillones, que recibir\u00e1n el mismo tratamiento y acabado superficial que el existente. Asimismo, los cristales del reloj, mediante un proceso especial de restauraci\u00f3n, recobrar\u00e1n su antiguo esplendor.<\/p>\n<p>&nbsp;<\/p>\n<p>Por otra parte, los antepechos y alfeizares de m\u00e1rmol ser\u00e1n reparados o sustituidos, seg\u00fan su estado de conservaci\u00f3n y pulidos a textura espejo; y se recuperar\u00e1 la carpinter\u00eda reponiendo piezas de madera, vidrios y herrajes para dejarlas en perfecto estado de funcionamiento.<\/p>\n<p>&nbsp;<\/p>\n<p>Los pisos y contrapisos de las veredas perimetrales se reemplazar\u00e1n ajustando su desempe\u00f1o a las nuevas exigencias funcionales y a la normativa de accesibilidad; y se restaurar\u00e1n los umbrales en la escalinata de ingreso principal.<\/p>\n<p>&nbsp;<\/p>\n<p>Adem\u00e1s, se sustituir\u00e1n los desag\u00fces pluviales y se instalar\u00e1 un sistema de iluminaci\u00f3n exterior con una nueva propuesta conceptual, destacando las \u00e1reas arquitect\u00f3nicamente m\u00e1s relevantes. Para ello se incorporar\u00e1n los \u00faltimos avances tecnol\u00f3gicos, asegur\u00e1ndose de este modo el mayor rendimiento lum\u00ednico, el menor consumo energ\u00e9tico posible, la m\u00e1xima duraci\u00f3n y el m\u00ednimo costo de mantenimiento.<\/p>\n","protected":false},"excerpt":{"rendered":"<p>El gobernador Gustavo Bordet firm\u00f3 el decreto que adjudica la obra de restauraci\u00f3n y puesta en valor del hist\u00f3rico edificio. Los trabajos forman parte del Plan de revalorizaci\u00f3n de edificios p\u00fablicos y de patrimonio cultural que lleva adelante el gobierno provincial &nbsp; &nbsp; &nbsp; &nbsp; Se trata de un proyecto de intervenci\u00f3n integral sobre la fachada y los espacios circundantes y se inscribe en el plan de trabajo que se viene ejecutando en la Casa Gris. Entre las obras se incluyen la refuncionalizaci\u00f3n de la Plaza Mansilla, la reconstrucci\u00f3n de&#8230;<\/p>\n","protected":false},"author":3,"featured_media":33328,"comment_status":"closed","ping_status":"closed","sticky":false,"template":"","format":"standard","meta":[],"categories":[15],"tags":[],"_links":{"self":[{"href":"https:\/\/www.actualidadadiario.com\/index.php\/wp-json\/wp\/v2\/posts\/33327"}],"collection":[{"href":"https:\/\/www.actualidadadiario.com\/index.php\/wp-json\/wp\/v2\/posts"}],"about":[{"href":"https:\/\/www.actualidadadiario.com\/index.php\/wp-json\/wp\/v2\/types\/post"}],"author":[{"embeddable":true,"href":"https:\/\/www.actualidadadiario.com\/index.php\/wp-json\/wp\/v2\/users\/3"}],"replies":[{"embeddable":true,"href":"https:\/\/www.actualidadadiario.com\/index.php\/wp-json\/wp\/v2\/comments?post=33327"}],"version-history":[{"count":1,"href":"https:\/\/www.actualidadadiario.com\/index.php\/wp-json\/wp\/v2\/posts\/33327\/revisions"}],"predecessor-version":[{"id":33329,"href":"https:\/\/www.actualidadadiario.com\/index.php\/wp-json\/wp\/v2\/posts\/33327\/revisions\/33329"}],"wp:featuredmedia":[{"embeddable":true,"href":"https:\/\/www.actualidadadiario.com\/index.php\/wp-json\/wp\/v2\/media\/33328"}],"wp:attachment":[{"href":"https:\/\/www.actualidadadiario.com\/index.php\/wp-json\/wp\/v2\/media?parent=33327"}],"wp:term":[{"taxonomy":"category","embeddable":true,"href":"https:\/\/www.actualidadadiario.com\/index.php\/wp-json\/wp\/v2\/categories?post=33327"},{"taxonomy":"post_tag","embeddable":true,"href":"https:\/\/www.actualidadadiario.com\/index.php\/wp-json\/wp\/v2\/tags?post=33327"}],"curies":[{"name":"wp","href":"https:\/\/api.w.org\/{rel}","templated":true}]}}