{"id":33324,"date":"2018-09-18T10:56:18","date_gmt":"2018-09-18T13:56:18","guid":{"rendered":"https:\/\/www.actualidadadiario.com\/?p=33324"},"modified":"2018-11-06T19:37:33","modified_gmt":"2018-11-06T22:37:33","slug":"evo-rechazo-el-procesamiento-a-cristina-la-oligarquia-quiere-encarcelara-y-acallarla","status":"publish","type":"post","link":"https:\/\/www.actualidadadiario.com\/index.php\/2018\/09\/18\/evo-rechazo-el-procesamiento-a-cristina-la-oligarquia-quiere-encarcelara-y-acallarla\/","title":{"rendered":"Evo rechaz\u00f3 el procesamiento a Cristina: &#8220;La oligarqu\u00eda quiere encarcelara y acallarla&#8221;"},"content":{"rendered":"<p><em><strong>El presidente de Bolivia escribi\u00f3 un sentido tuit en el que repudi\u00f3 \u201cel hostigamiento judicial\u201d que recibe la exmandataria, y se solidariz\u00f3 con ella. \u201cNo lograr\u00e1n disminuir el amor que tienen millones de argentinos que la ven como su esperanza\u201d, sentenci\u00f3<\/strong><\/em><\/p>\n<p>&nbsp;<\/p>\n<p>&nbsp;<\/p>\n<p>&nbsp;<\/p>\n<p>&nbsp;<\/p>\n<p>En el marco de la opereta de los cuadernos que encabeza el juez Claudio Bonadio, este lunes el magistrado decidi\u00f3 procesar con prisi\u00f3n preventiva a la expresidenta Cristina Fern\u00e1ndez de Kirchner, medida que fue fuertemente rechazada por el presidente de Bolivia, Evo Morales.<\/p>\n<p>&nbsp;<\/p>\n<p>\u201cRechazamos el hostigamiento judicial a la hermana Cristina, contra quien se ha dictado prisi\u00f3n preventiva\u201d, escribi\u00f3 el mandatario en su cuenta de Twitter, y a\u00f1adi\u00f3: \u201cLa oligarqu\u00eda quiere encarcelarla y acallarla, pero no lograr\u00e1 disminuir el amor que le tienen millones de argentinos que la ven como su esperanza\u201d.<\/p>\n","protected":false},"excerpt":{"rendered":"<p>El presidente de Bolivia escribi\u00f3 un sentido tuit en el que repudi\u00f3 \u201cel hostigamiento judicial\u201d que recibe la exmandataria, y se solidariz\u00f3 con ella. \u201cNo lograr\u00e1n disminuir el amor que tienen millones de argentinos que la ven como su esperanza\u201d, sentenci\u00f3 &nbsp; &nbsp; &nbsp; &nbsp; En el marco de la opereta de los cuadernos que encabeza el juez Claudio Bonadio, este lunes el magistrado decidi\u00f3 procesar con prisi\u00f3n preventiva a la expresidenta Cristina Fern\u00e1ndez de Kirchner, medida que fue fuertemente rechazada por el presidente de Bolivia, Evo Morales. &nbsp; \u201cRechazamos&#8230;<\/p>\n","protected":false},"author":3,"featured_media":33325,"comment_status":"closed","ping_status":"closed","sticky":false,"template":"","format":"standard","meta":[],"categories":[4],"tags":[],"_links":{"self":[{"href":"https:\/\/www.actualidadadiario.com\/index.php\/wp-json\/wp\/v2\/posts\/33324"}],"collection":[{"href":"https:\/\/www.actualidadadiario.com\/index.php\/wp-json\/wp\/v2\/posts"}],"about":[{"href":"https:\/\/www.actualidadadiario.com\/index.php\/wp-json\/wp\/v2\/types\/post"}],"author":[{"embeddable":true,"href":"https:\/\/www.actualidadadiario.com\/index.php\/wp-json\/wp\/v2\/users\/3"}],"replies":[{"embeddable":true,"href":"https:\/\/www.actualidadadiario.com\/index.php\/wp-json\/wp\/v2\/comments?post=33324"}],"version-history":[{"count":1,"href":"https:\/\/www.actualidadadiario.com\/index.php\/wp-json\/wp\/v2\/posts\/33324\/revisions"}],"predecessor-version":[{"id":33326,"href":"https:\/\/www.actualidadadiario.com\/index.php\/wp-json\/wp\/v2\/posts\/33324\/revisions\/33326"}],"wp:featuredmedia":[{"embeddable":true,"href":"https:\/\/www.actualidadadiario.com\/index.php\/wp-json\/wp\/v2\/media\/33325"}],"wp:attachment":[{"href":"https:\/\/www.actualidadadiario.com\/index.php\/wp-json\/wp\/v2\/media?parent=33324"}],"wp:term":[{"taxonomy":"category","embeddable":true,"href":"https:\/\/www.actualidadadiario.com\/index.php\/wp-json\/wp\/v2\/categories?post=33324"},{"taxonomy":"post_tag","embeddable":true,"href":"https:\/\/www.actualidadadiario.com\/index.php\/wp-json\/wp\/v2\/tags?post=33324"}],"curies":[{"name":"wp","href":"https:\/\/api.w.org\/{rel}","templated":true}]}}