{"id":33318,"date":"2018-09-18T10:55:01","date_gmt":"2018-09-18T13:55:01","guid":{"rendered":"https:\/\/www.actualidadadiario.com\/?p=33318"},"modified":"2018-11-06T19:37:33","modified_gmt":"2018-11-06T22:37:33","slug":"haddad-visito-a-lula-y-dijo-que-seria-un-gran-consejero-en-un-eventual-gobierno-del-pt","status":"publish","type":"post","link":"https:\/\/www.actualidadadiario.com\/index.php\/2018\/09\/18\/haddad-visito-a-lula-y-dijo-que-seria-un-gran-consejero-en-un-eventual-gobierno-del-pt\/","title":{"rendered":"Haddad visit\u00f3 a Lula y dijo que ser\u00eda un &#8220;gran consejero&#8221; en un eventual gobierno del PT"},"content":{"rendered":"<p><em><strong>Se trat\u00f3 de la primera visita del candidato a la c\u00e1rcel de Curitiba despu\u00e9s de ser ungido por el ex mandatario, quien purga 12 a\u00f1os y un mes de c\u00e1rcel por corrupci\u00f3n y lavado de dinero<\/strong><\/em><\/p>\n<p>&nbsp;<\/p>\n<p>&nbsp;<\/p>\n<p>&nbsp;<\/p>\n<p>&nbsp;<\/p>\n<p>El ex presidente brasile\u00f1o Luiz In\u00e1cio Lula da Silva ser\u00eda un &#8220;gran consejero&#8221; en un gobierno del Partido de los Trabajadores (PT), dijo el lunes el candidato Fernando Haddad, tras visitar al l\u00edder de la izquierda en la c\u00e1rcel en Curitiba (sur).<\/p>\n<p>&nbsp;<\/p>\n<p>&#8220;Brasil necesita nuestro gobierno y necesita a Lula orientando como un gran consejero&#8221;, indic\u00f3 Haddad a periodistas.<\/p>\n<p>&nbsp;<\/p>\n<p>&#8220;Es un interlocutor permanente de todos los dirigentes del partido y nunca dejar\u00e1 de serlo. No tenemos ning\u00fan problema con eso. (\u2026) Nosotros estamos muy orgullosos de tener a Lula como dirigente&#8221;, a\u00f1adi\u00f3.<\/p>\n<p>&nbsp;<\/p>\n<p>&#8220;El presidente Lula estar\u00e1 con nosotros permanentemente, no hay ninguna dificultad en admitir eso&#8221;, enfatiz\u00f3, concordando con la visi\u00f3n transmitida m\u00e1s temprano por la presidenta del PT, Gleisi Hoffmann, quien hab\u00eda indicado al diario Valor que Lula tendr\u00eda &#8220;un papel importante&#8221; en un gobierno del PT.<\/p>\n<p>&nbsp;<\/p>\n<p>Se trat\u00f3 de la primera visita de Haddad a la c\u00e1rcel de Curitiba despu\u00e9s de ser ungido candidato del PT por Lula, quien purga 12 a\u00f1os y un mes de c\u00e1rcel por corrupci\u00f3n y lavado de dinero.<\/p>\n<p>&nbsp;<\/p>\n<p>A menos de tres semanas de la primera vuelta del 7 de octubre, se perfila un duelo en una segunda vuelta, el 28, entre Haddad y el ultraderechista Jair Bolsonaro, que lidera las encuestas, seg\u00fan un sondeo publicado este lunes.<\/p>\n<p>&nbsp;<\/p>\n<p>Lula (2003-2010) era el favorito, pero tuvo que abandonar la carrera luego de que la justicia electoral impugnara su candidatura, a causa de su situaci\u00f3n judicial.<\/p>\n","protected":false},"excerpt":{"rendered":"<p>Se trat\u00f3 de la primera visita del candidato a la c\u00e1rcel de Curitiba despu\u00e9s de ser ungido por el ex mandatario, quien purga 12 a\u00f1os y un mes de c\u00e1rcel por corrupci\u00f3n y lavado de dinero &nbsp; &nbsp; &nbsp; &nbsp; El ex presidente brasile\u00f1o Luiz In\u00e1cio Lula da Silva ser\u00eda un &#8220;gran consejero&#8221; en un gobierno del Partido de los Trabajadores (PT), dijo el lunes el candidato Fernando Haddad, tras visitar al l\u00edder de la izquierda en la c\u00e1rcel en Curitiba (sur). &nbsp; &#8220;Brasil necesita nuestro gobierno y necesita a&#8230;<\/p>\n","protected":false},"author":3,"featured_media":33319,"comment_status":"closed","ping_status":"closed","sticky":false,"template":"","format":"standard","meta":[],"categories":[4],"tags":[],"_links":{"self":[{"href":"https:\/\/www.actualidadadiario.com\/index.php\/wp-json\/wp\/v2\/posts\/33318"}],"collection":[{"href":"https:\/\/www.actualidadadiario.com\/index.php\/wp-json\/wp\/v2\/posts"}],"about":[{"href":"https:\/\/www.actualidadadiario.com\/index.php\/wp-json\/wp\/v2\/types\/post"}],"author":[{"embeddable":true,"href":"https:\/\/www.actualidadadiario.com\/index.php\/wp-json\/wp\/v2\/users\/3"}],"replies":[{"embeddable":true,"href":"https:\/\/www.actualidadadiario.com\/index.php\/wp-json\/wp\/v2\/comments?post=33318"}],"version-history":[{"count":1,"href":"https:\/\/www.actualidadadiario.com\/index.php\/wp-json\/wp\/v2\/posts\/33318\/revisions"}],"predecessor-version":[{"id":33320,"href":"https:\/\/www.actualidadadiario.com\/index.php\/wp-json\/wp\/v2\/posts\/33318\/revisions\/33320"}],"wp:featuredmedia":[{"embeddable":true,"href":"https:\/\/www.actualidadadiario.com\/index.php\/wp-json\/wp\/v2\/media\/33319"}],"wp:attachment":[{"href":"https:\/\/www.actualidadadiario.com\/index.php\/wp-json\/wp\/v2\/media?parent=33318"}],"wp:term":[{"taxonomy":"category","embeddable":true,"href":"https:\/\/www.actualidadadiario.com\/index.php\/wp-json\/wp\/v2\/categories?post=33318"},{"taxonomy":"post_tag","embeddable":true,"href":"https:\/\/www.actualidadadiario.com\/index.php\/wp-json\/wp\/v2\/tags?post=33318"}],"curies":[{"name":"wp","href":"https:\/\/api.w.org\/{rel}","templated":true}]}}