{"id":33303,"date":"2018-09-18T10:51:42","date_gmt":"2018-09-18T13:51:42","guid":{"rendered":"https:\/\/www.actualidadadiario.com\/?p=33303"},"modified":"2018-11-06T19:37:33","modified_gmt":"2018-11-06T22:37:33","slug":"la-cgt-ratifico-el-paro-del-25-antes-de-una-reunion-que-tendra-hoy-con-el-ministro-sica","status":"publish","type":"post","link":"https:\/\/www.actualidadadiario.com\/index.php\/2018\/09\/18\/la-cgt-ratifico-el-paro-del-25-antes-de-una-reunion-que-tendra-hoy-con-el-ministro-sica\/","title":{"rendered":"La CGT ratific\u00f3 el paro del 25 antes de una reuni\u00f3n que tendr\u00e1 hoy con el ministro Sica"},"content":{"rendered":"<p><em><strong>Mientras que la CGT insiste que el paro general del martes 25 es una decisi\u00f3n tomada, se reabre un cap\u00edtulo de di\u00e1logo con el Gobierno Nacional. En la senda de un di\u00e1logo con pausas y silencios p\u00fablicos pronunciados hoy la mesa chica ampliada de Azopardo se reunir\u00e1 con el ministro de Producci\u00f3n y Trabajo Dante Sica<\/strong><\/em><\/p>\n<p>&nbsp;<\/p>\n<p>&nbsp;<\/p>\n<p>&nbsp;<\/p>\n<p>El encuentro se comenz\u00f3 a hilvanar en el encuentro internacional del 20L en Mendoza, y sin posibilidad de anuncios refrescantes sino en la tem\u00e1tica de las tormentas de las tormentas Sica har\u00e1 gala de su buena llegada a algunas organizaciones sindicales, a diferencia de su antecesor.<\/p>\n<p>&nbsp;<\/p>\n<p>La reuni\u00f3n est\u00e1 prevista para las 20 se descuenta que participar\u00e1 el ex titular de la cartera labora Jorge Triaca, devenido en secretario, y tendr\u00eda lugar o bien en el ministerio o en la sede del sindicato de Sanidad que libera el tambi\u00e9n triunviro H\u00e9ctor Daer. A prop\u00f3sito de este secretario general ayer a trav\u00e9s de Twitter y con la mira apuntando a Camioneros y el sector de gremios combativos, ratific\u00f3 la huelga general de la semana que viene. &#8220;Para los que dudan y generan confusi\u00f3n, seamos claros: el #ParoNacional no se levanta&#8221;, escribi\u00f3 el referente de Sanidad. La ratificaci\u00f3n se suma a la que ya pronunciara la semana pasada Jos\u00e9 Luis Lingeri (Obras Sanitarias) en medio de las reuniones y tironeos entre gobernadores peronistas, que tambi\u00e9n departieron con dirigentes sindicales en reuniones abiertas y mesas a resguardo de la mirada p\u00fablica.<\/p>\n<p>&nbsp;<\/p>\n<p>Tambi\u00e9n el titular de la UTA, Roberto Fern\u00e1ndez, le asever\u00f3 al diario Cr\u00f3nica que la huelga est\u00e1 sellada en cuanto a su realizaci\u00f3n. Esa consideraci\u00f3n del secretario general de los conductores de colectivos y micros cotiza tambi\u00e9n en rango, ya que su reticencia a participar del paro general que puso en estado de crisis a la CGT en ocasi\u00f3n de la reforma previsional en diciembre pasado.<\/p>\n<p>&nbsp;<\/p>\n<p>Tampoco es un detalle menor que algunos secretarios generales del consejo directivo, que se reunir\u00e1 el jueves, no estaban al tanto del encuentro con el ministro Sica quiz\u00e1s por cuestiones que tambi\u00e9n tienen que ver con los desaf\u00edos internos que les plantean algunos jefes del Frente Sindical para el Modelo Nacional que hoy tendr\u00e1 su propio c\u00f3nclave en la biblioteca de Camioneros, de cara al acto en el microestadio de Ferro Carril Oeste. Por su parte el MASA que lideran Sergio Sasia (Uni\u00f3n Ferroviaria) y Omar Viviani (Taxistas) tendr\u00e1 su propia mesa chica en la sede de los peones taxistas para definir cuestiones como, adhesi\u00f3n al paro, situaci\u00f3n del PJ y an\u00e1lisis econ\u00f3mico y social.<\/p>\n","protected":false},"excerpt":{"rendered":"<p>Mientras que la CGT insiste que el paro general del martes 25 es una decisi\u00f3n tomada, se reabre un cap\u00edtulo de di\u00e1logo con el Gobierno Nacional. En la senda de un di\u00e1logo con pausas y silencios p\u00fablicos pronunciados hoy la mesa chica ampliada de Azopardo se reunir\u00e1 con el ministro de Producci\u00f3n y Trabajo Dante Sica &nbsp; &nbsp; &nbsp; El encuentro se comenz\u00f3 a hilvanar en el encuentro internacional del 20L en Mendoza, y sin posibilidad de anuncios refrescantes sino en la tem\u00e1tica de las tormentas de las tormentas Sica&#8230;<\/p>\n","protected":false},"author":3,"featured_media":33304,"comment_status":"closed","ping_status":"closed","sticky":false,"template":"","format":"standard","meta":[],"categories":[18],"tags":[],"_links":{"self":[{"href":"https:\/\/www.actualidadadiario.com\/index.php\/wp-json\/wp\/v2\/posts\/33303"}],"collection":[{"href":"https:\/\/www.actualidadadiario.com\/index.php\/wp-json\/wp\/v2\/posts"}],"about":[{"href":"https:\/\/www.actualidadadiario.com\/index.php\/wp-json\/wp\/v2\/types\/post"}],"author":[{"embeddable":true,"href":"https:\/\/www.actualidadadiario.com\/index.php\/wp-json\/wp\/v2\/users\/3"}],"replies":[{"embeddable":true,"href":"https:\/\/www.actualidadadiario.com\/index.php\/wp-json\/wp\/v2\/comments?post=33303"}],"version-history":[{"count":1,"href":"https:\/\/www.actualidadadiario.com\/index.php\/wp-json\/wp\/v2\/posts\/33303\/revisions"}],"predecessor-version":[{"id":33305,"href":"https:\/\/www.actualidadadiario.com\/index.php\/wp-json\/wp\/v2\/posts\/33303\/revisions\/33305"}],"wp:featuredmedia":[{"embeddable":true,"href":"https:\/\/www.actualidadadiario.com\/index.php\/wp-json\/wp\/v2\/media\/33304"}],"wp:attachment":[{"href":"https:\/\/www.actualidadadiario.com\/index.php\/wp-json\/wp\/v2\/media?parent=33303"}],"wp:term":[{"taxonomy":"category","embeddable":true,"href":"https:\/\/www.actualidadadiario.com\/index.php\/wp-json\/wp\/v2\/categories?post=33303"},{"taxonomy":"post_tag","embeddable":true,"href":"https:\/\/www.actualidadadiario.com\/index.php\/wp-json\/wp\/v2\/tags?post=33303"}],"curies":[{"name":"wp","href":"https:\/\/api.w.org\/{rel}","templated":true}]}}