{"id":33300,"date":"2018-09-18T10:51:00","date_gmt":"2018-09-18T13:51:00","guid":{"rendered":"https:\/\/www.actualidadadiario.com\/?p=33300"},"modified":"2018-11-06T19:37:38","modified_gmt":"2018-11-06T22:37:38","slug":"gobernadores-respaldan-el-presupuesto-y-la-mayoria-firma-la-adenda-al-pacto-fiscal","status":"publish","type":"post","link":"https:\/\/www.actualidadadiario.com\/index.php\/2018\/09\/18\/gobernadores-respaldan-el-presupuesto-y-la-mayoria-firma-la-adenda-al-pacto-fiscal\/","title":{"rendered":"Gobernadores respaldan el Presupuesto y la mayor\u00eda firma la adenda al pacto fiscal"},"content":{"rendered":"<p><em><strong>En contraste a las cr\u00edticas que recibieron de parte de la oposici\u00f3n por el Presupuesto 2019, en el Gobierno nacional consiguieron que diez gobernadores respaldaran la adenda al Consenso Fiscal. En los pr\u00f3ximos d\u00edas sumar\u00edan el aval del resto de los mandatarios provinciales, a excepci\u00f3n de Miguel Lifschitz, de Santa Fe. Alberto Rodr\u00edguez Saa, de San Luis; y Carlos Verna, de La Pampa, tampoco est\u00e1n de acuerdo con la propuesta del oficialismo, sin embargo ninguno de los dos adhiri\u00f3 al pacto firmado en 2017<\/strong><\/em><\/p>\n<p>&nbsp;<\/p>\n<p>&nbsp;<\/p>\n<p>&nbsp;<\/p>\n<p>&nbsp;<\/p>\n<p>El texto de cinco carillas tiene como objetivo compensar en algo a las provincias por el ajuste de $100.000 millones que deber\u00e1n afrontar el a\u00f1o pr\u00f3ximo, pero tambi\u00e9n es un modo de cristalizar el apoyo de los gobernadores al proyecto del Presupuesto, algo a lo que hasta ahora se negaron. Los \u00fanicos dos opositores que defendieron en p\u00fablico la necesidad de aprobar s\u00ed o s\u00ed la &#8220;Ley de leyes&#8221; fueron Juan Manuel Urtubey, de Salta, y Omar Guti\u00e9rrez, de Neuqu\u00e9n, durante una conferencia de prensa en la Casa Rosada que compartieron la semana pasada con los ministros Nicol\u00e1s Dujovne, de Hacienda; y Rogelio Frigerio, del Interior.<\/p>\n<p>&nbsp;<\/p>\n<p>El mandatario salte\u00f1o tambi\u00e9n fue el primero en firmar la adenda el jueves \u00faltimo. Al d\u00eda siguiente se sumaron Domingo Peppo, de Chaco; y Gerardo Morales, de Jujuy. Ayer, pasaron por Balcarce 50 el jefe de Gobierno porte\u00f1o, Horacio Rodr\u00edguez Larreta, el correntino Gustavo Vald\u00e9s y el misionero Hugo Passalacqua, que apenas pod\u00eda hablar a ra\u00edz de una notable afon\u00eda.<\/p>\n<p>&nbsp;<\/p>\n<p>Seg\u00fan fuentes gubernamentales, hoy estampar\u00e1n su firma otros cuatro gobernadores opositores, Sergio U\u00f1ac, de San Juan; Juan Schiaretti, de C\u00f3rdoba; Gustavo Bordet, de Entre R\u00edos y Guti\u00e9rrez.<\/p>\n<p>&nbsp;<\/p>\n<p>Del oficialismo s\u00f3lo faltan la gobernadora bonaerense, Mar\u00eda Eugenia Vidal; y el mendocino Alfredo Cornejo, que refrendar\u00e1n el documento en estos d\u00edas. Mientras que dan por descontado que Lifschitz lo rechazar\u00e1, hay dudas sobre lo que har\u00e1 el resto de los mandatarios de la oposici\u00f3n, que a\u00fan no dieron su visto bueno.<\/p>\n","protected":false},"excerpt":{"rendered":"<p>En contraste a las cr\u00edticas que recibieron de parte de la oposici\u00f3n por el Presupuesto 2019, en el Gobierno nacional consiguieron que diez gobernadores respaldaran la adenda al Consenso Fiscal. En los pr\u00f3ximos d\u00edas sumar\u00edan el aval del resto de los mandatarios provinciales, a excepci\u00f3n de Miguel Lifschitz, de Santa Fe. Alberto Rodr\u00edguez Saa, de San Luis; y Carlos Verna, de La Pampa, tampoco est\u00e1n de acuerdo con la propuesta del oficialismo, sin embargo ninguno de los dos adhiri\u00f3 al pacto firmado en 2017 &nbsp; &nbsp; &nbsp; &nbsp; El texto&#8230;<\/p>\n","protected":false},"author":3,"featured_media":33301,"comment_status":"closed","ping_status":"closed","sticky":false,"template":"","format":"standard","meta":[],"categories":[9],"tags":[],"_links":{"self":[{"href":"https:\/\/www.actualidadadiario.com\/index.php\/wp-json\/wp\/v2\/posts\/33300"}],"collection":[{"href":"https:\/\/www.actualidadadiario.com\/index.php\/wp-json\/wp\/v2\/posts"}],"about":[{"href":"https:\/\/www.actualidadadiario.com\/index.php\/wp-json\/wp\/v2\/types\/post"}],"author":[{"embeddable":true,"href":"https:\/\/www.actualidadadiario.com\/index.php\/wp-json\/wp\/v2\/users\/3"}],"replies":[{"embeddable":true,"href":"https:\/\/www.actualidadadiario.com\/index.php\/wp-json\/wp\/v2\/comments?post=33300"}],"version-history":[{"count":1,"href":"https:\/\/www.actualidadadiario.com\/index.php\/wp-json\/wp\/v2\/posts\/33300\/revisions"}],"predecessor-version":[{"id":33302,"href":"https:\/\/www.actualidadadiario.com\/index.php\/wp-json\/wp\/v2\/posts\/33300\/revisions\/33302"}],"wp:featuredmedia":[{"embeddable":true,"href":"https:\/\/www.actualidadadiario.com\/index.php\/wp-json\/wp\/v2\/media\/33301"}],"wp:attachment":[{"href":"https:\/\/www.actualidadadiario.com\/index.php\/wp-json\/wp\/v2\/media?parent=33300"}],"wp:term":[{"taxonomy":"category","embeddable":true,"href":"https:\/\/www.actualidadadiario.com\/index.php\/wp-json\/wp\/v2\/categories?post=33300"},{"taxonomy":"post_tag","embeddable":true,"href":"https:\/\/www.actualidadadiario.com\/index.php\/wp-json\/wp\/v2\/tags?post=33300"}],"curies":[{"name":"wp","href":"https:\/\/api.w.org\/{rel}","templated":true}]}}