{"id":33297,"date":"2018-09-18T10:50:05","date_gmt":"2018-09-18T13:50:05","guid":{"rendered":"https:\/\/www.actualidadadiario.com\/?p=33297"},"modified":"2018-11-06T19:37:38","modified_gmt":"2018-11-06T22:37:38","slug":"presupuesto-abstenciones-y-acuerdos-con-el-pj-las-claves-de-la-negociacion","status":"publish","type":"post","link":"https:\/\/www.actualidadadiario.com\/index.php\/2018\/09\/18\/presupuesto-abstenciones-y-acuerdos-con-el-pj-las-claves-de-la-negociacion\/","title":{"rendered":"Presupuesto: abstenciones y acuerdos con el PJ, las claves de la negociaci\u00f3n"},"content":{"rendered":"<p><em><strong>El oficialismo estima que podr\u00eda llegar a sumar 135 votos. El peronismo aportar\u00eda una parte pero varios diputados evitar\u00edan pronunciarse. El FpV tambi\u00e9n lo eval\u00faa. Diputados lo aprobar\u00eda en octubre<\/strong><\/em><\/p>\n<p>&nbsp;<\/p>\n<p>&nbsp;<\/p>\n<p>&nbsp;<\/p>\n<p>&nbsp;<\/p>\n<p>Con el ingreso formal del Presupuesto 2019 al Congreso comenzaron los c\u00e1lculos sobre cu\u00e1l ser\u00e1 el n\u00famero de votos que podr\u00e1 alcanzar el oficialismo para aprobar el proyecto, algo que en la C\u00e1mara de Diputados ya se da por descontado. En Cambiemos estiman que el n\u00famero podr\u00eda llegar a 135, con el apoyo de un sector del peronismo dialoguista y muchas abstenciones.<\/p>\n<p>&nbsp;<\/p>\n<p>\u201cNosotros siempre dijimos que si necesitan nuestros votos para aprobarlo los van a tener, no los vamos a dejar sin Presupuesto. Pero si se sientan a negociar con los gobernadores, los extorsionan, logran hacer acuerdos y nuestros votos no son decisivos, votar\u00edamos en contra\u201d, explic\u00f3 este lunes el diputado del Frente para la Victoria Axel Kicillof, quien tambi\u00e9n confirm\u00f3 que en el bloque se discuti\u00f3 la posibilidad de optar por la abstenci\u00f3n y dejar que el oficialismo apruebe la ley con el consenso que logre juntar.<\/p>\n<p>&nbsp;<\/p>\n<p>La discusi\u00f3n sobre las posibles abstenciones de una gran parte del peronismo fueron confirmadas por otros diputados del kirchnerismo y tambi\u00e9n del PJ federal, que ya mostraron su absoluta oposici\u00f3n al proyecto pero que quieren remarcarle al oficialismo que no har\u00e1n lo mismo que hizo Cambiemos en 2010, cuando era oposici\u00f3n a Cristina Fern\u00e1ndez de Kirchner y dej\u00f3 al Gobierno sin Presupuesto. \u201cNosotros no les vamos a hacer lo mismo\u201d, le enrostr\u00f3 a Rogelio Frigerio el pampeano Carlos Verna en la reuni\u00f3n que mantuvieron los mandatarios la semana pasada con el ministro en el Consejo Federal de Inversiones (CFI). Verna es uno de los gobernadores m\u00e1s duros con la Rosada y los legisladores que le responden aparecen por ahora en la lista de los que no dar\u00e1n su aval a la ley.<\/p>\n<p>&nbsp;<\/p>\n<p>En el interbloque Argentina Federal conviven dos posturas. Seg\u00fan se pudo saber, la mayor\u00eda de los diputados de Salta, C\u00f3rdoba, Entre R\u00edos, Chaco, Misiones y -probablemente- San Juan le dar\u00e1n finalmente su apoyo al proyecto, una vez que terminen las negociaciones por la letra chica, que incluir\u00eda alguna concesi\u00f3n de la Casa Rosada a las provincias. Los gobernadores presionar\u00e1n para que se incluya el aumento a los Bienes Personales radicados en el exterior, algo que est\u00e1 sobre la mesa de discusi\u00f3n pero que el Gobierno no incluy\u00f3 en el Presupuesto.<\/p>\n<p>&nbsp;<\/p>\n<p>En tanto, otro sector de la bancada que conduce el salte\u00f1o Pablo Kosiner ya adelant\u00f3 que no aportar\u00e1 su voto para el proyecto. En su mayor\u00eda, se trata de diputados que no responden a ning\u00fan gobernador y que no quieren dar su aval a un presupuesto de ajuste aunque tampoco ven como buena opci\u00f3n votar en contra. Para evitar la acusaci\u00f3n de \u201cdesestabilizadores\u201d, m\u00e1xime cuando el Gobierno pretende dar una se\u00f1al de gobernabilidad al mundo, podr\u00edan apelar a la abstenci\u00f3n, una posibilidad que tambi\u00e9n baraja la bancada del Frente Renovador.<\/p>\n<p>&nbsp;<\/p>\n<p>En el oficialismo saben que las posibles abstenciones tambi\u00e9n tendr\u00e1n su precio. Si la Rosada quiere llevar tranquilidad al Fondo Monetario Internacional (FMI) y mostrar el apoyo del Congreso a su plan deber\u00e1 negociarlo. La discusi\u00f3n comenzar\u00e1 este jueves, con la presencia del ministro Nicol\u00e1s Dujovne en la Comisi\u00f3n de Presupuesto.<\/p>\n<p>&nbsp;<\/p>\n<p>El oficialismo quiere que la ley llegue al recinto en octubre y que la sesi\u00f3n transcurra \u201cen paz\u201d, sin sobresaltos, seg\u00fan explic\u00f3 uno de sus referentes en Diputados. En un escenario ideal, creen en Cambiemos, el proyecto sumar\u00e1 unos 135 votos y saldr\u00e1 de la C\u00e1mara baja a mediados o fines de octubre.<\/p>\n","protected":false},"excerpt":{"rendered":"<p>El oficialismo estima que podr\u00eda llegar a sumar 135 votos. El peronismo aportar\u00eda una parte pero varios diputados evitar\u00edan pronunciarse. El FpV tambi\u00e9n lo eval\u00faa. Diputados lo aprobar\u00eda en octubre &nbsp; &nbsp; &nbsp; &nbsp; Con el ingreso formal del Presupuesto 2019 al Congreso comenzaron los c\u00e1lculos sobre cu\u00e1l ser\u00e1 el n\u00famero de votos que podr\u00e1 alcanzar el oficialismo para aprobar el proyecto, algo que en la C\u00e1mara de Diputados ya se da por descontado. En Cambiemos estiman que el n\u00famero podr\u00eda llegar a 135, con el apoyo de un sector&#8230;<\/p>\n","protected":false},"author":3,"featured_media":33298,"comment_status":"closed","ping_status":"closed","sticky":false,"template":"","format":"standard","meta":[],"categories":[9],"tags":[],"_links":{"self":[{"href":"https:\/\/www.actualidadadiario.com\/index.php\/wp-json\/wp\/v2\/posts\/33297"}],"collection":[{"href":"https:\/\/www.actualidadadiario.com\/index.php\/wp-json\/wp\/v2\/posts"}],"about":[{"href":"https:\/\/www.actualidadadiario.com\/index.php\/wp-json\/wp\/v2\/types\/post"}],"author":[{"embeddable":true,"href":"https:\/\/www.actualidadadiario.com\/index.php\/wp-json\/wp\/v2\/users\/3"}],"replies":[{"embeddable":true,"href":"https:\/\/www.actualidadadiario.com\/index.php\/wp-json\/wp\/v2\/comments?post=33297"}],"version-history":[{"count":1,"href":"https:\/\/www.actualidadadiario.com\/index.php\/wp-json\/wp\/v2\/posts\/33297\/revisions"}],"predecessor-version":[{"id":33299,"href":"https:\/\/www.actualidadadiario.com\/index.php\/wp-json\/wp\/v2\/posts\/33297\/revisions\/33299"}],"wp:featuredmedia":[{"embeddable":true,"href":"https:\/\/www.actualidadadiario.com\/index.php\/wp-json\/wp\/v2\/media\/33298"}],"wp:attachment":[{"href":"https:\/\/www.actualidadadiario.com\/index.php\/wp-json\/wp\/v2\/media?parent=33297"}],"wp:term":[{"taxonomy":"category","embeddable":true,"href":"https:\/\/www.actualidadadiario.com\/index.php\/wp-json\/wp\/v2\/categories?post=33297"},{"taxonomy":"post_tag","embeddable":true,"href":"https:\/\/www.actualidadadiario.com\/index.php\/wp-json\/wp\/v2\/tags?post=33297"}],"curies":[{"name":"wp","href":"https:\/\/api.w.org\/{rel}","templated":true}]}}