{"id":33291,"date":"2018-09-18T10:48:26","date_gmt":"2018-09-18T13:48:26","guid":{"rendered":"https:\/\/www.actualidadadiario.com\/?p=33291"},"modified":"2018-11-06T19:37:38","modified_gmt":"2018-11-06T22:37:38","slug":"sin-sorpresas-bonadio-proceso-y-pidio-el-desafuero-de-cristina-por-la-causa-de-las-fotocopias","status":"publish","type":"post","link":"https:\/\/www.actualidadadiario.com\/index.php\/2018\/09\/18\/sin-sorpresas-bonadio-proceso-y-pidio-el-desafuero-de-cristina-por-la-causa-de-las-fotocopias\/","title":{"rendered":"Sin sorpresas: Bonadio proces\u00f3 y pidi\u00f3 el desafuero de Cristina por la causa de las fotocopias"},"content":{"rendered":"<p><em><strong>El juez dijo que considera a la ex presidente y actual senado como &#8220;jefa de una asociaci\u00f3n il\u00edcita&#8221;. Tambi\u00e9n fue procesado el primo hermano de Mauricio Macri, \u00c1ngelo Calcaterra. Las acusaciones se basan en dichos de &#8220;arrepentidos&#8221;, empresarios y pol\u00edticos<\/strong><\/em><\/p>\n<p>&nbsp;<\/p>\n<p>&nbsp;<\/p>\n<p>&nbsp;<\/p>\n<p>&nbsp;<\/p>\n<p>El juez federal Claudio Bonadio proces\u00f3 con prisi\u00f3n preventiva a la ex presidenta Cristina Kirchner por considerarla &#8220;jefa&#8221; de una asociaci\u00f3n il\u00edcita en la causa de las fotocopias, por supuestos pagos de coimas de empresarios a ex funcionarios por la obra p\u00fablica durante su mandato.<\/p>\n<p>&nbsp;<\/p>\n<p>Bonadio pidi\u00f3 adem\u00e1s el desafuero de Cristina al Senado de la Naci\u00f3n y proces\u00f3 tambi\u00e9n a ex funcionarios y empresarios.<\/p>\n<p>&nbsp;<\/p>\n<p>Por la pol\u00e9mica causa pasaron una veintena de &#8220;imputados colaboradores&#8221;, &#8220;arrepentidos&#8221;, otros tantos detenidos y un pr\u00f3fugo.<\/p>\n<p>&nbsp;<\/p>\n<p>Bonadio tom\u00f3 indagatoria a 52 personas y dispuso 26 detenciones, de las cuales liber\u00f3 a un total de 11: adem\u00e1s, 17 imputados declararon en calidad de &#8220;arrepentidos&#8221; y se resolvieron &#8220;15 acuerdos de homologaci\u00f3n en forma positiva&#8221;.<\/p>\n<p>&nbsp;<\/p>\n<p>&nbsp;<\/p>\n<p><strong>Los procesados son:<\/strong><\/p>\n<p><strong>\u00a0 Con prisi\u00f3n preventiva:<\/strong><\/p>\n<p>&#8211; Cristina Kirchner.<\/p>\n<p>&#8211; Julio De Vido.<\/p>\n<p>&#8211; Roberto Baratta.<\/p>\n<p>&#8211; Javier Lazarte.<\/p>\n<p>&#8211; Rafael Llorens.<\/p>\n<p>&#8211; Hern\u00e1n G\u00f3mez.<\/p>\n<p>&#8211; Fabi\u00e1n Garc\u00eda.<\/p>\n<p>&#8211; Jos\u00e9 Mar\u00eda Olazagasti.<\/p>\n<p>&#8211; Walter Fagyas.<\/p>\n<p>&#8211; N\u00e9stor Otero.<\/p>\n<p>&#8211; Carlos Mundin.<\/p>\n<p>&#8211; Gerardo Ferreyra.<\/p>\n<p>&#8211; Ra\u00fal Vert\u00faa.<\/p>\n<p>&#8211; Juan Carlos Lascurain.<\/p>\n<p>&#8211; Hern\u00e1n Del R\u00edo.<\/p>\n<p>&nbsp;<\/p>\n<p>&nbsp;<\/p>\n<p><strong>Sin prisi\u00f3n preventiva:<\/strong><\/p>\n<p>&#8211; Claudio Uberti.<\/p>\n<p>&#8211; Jos\u00e9 L\u00f3pez.<\/p>\n<p>&#8211; Oscar Parrilli.<\/p>\n<p>&#8211; Germ\u00e1n Nivello.<\/p>\n<p>&#8211; Jorge Mayoral.<\/p>\n<p>&#8211; Oscar Centeno.<\/p>\n<p>&#8211; Carlos Wagner.<\/p>\n<p>&#8211; Claudio Glazman.<\/p>\n<p>&#8211; Juan Carlos Goycoechea.<\/p>\n<p>&#8211; Angelo Calcaterra.<\/p>\n<p>&#8211; Luis Betnaza.<\/p>\n<p>&#8211; Armando Loson.<\/p>\n<p>&#8211; Rudy Ulloa.<\/p>\n<p>&#8211; Sergio Taselli.<\/p>\n<p>&#8211; Aldo Roggio.<\/p>\n<p>&#8211; Juan Chediak.<\/p>\n<p>&#8211; Alejandro Ivasinnevich.<\/p>\n<p>&#8211; Santos Uribelarrea.<\/p>\n<p>&#8211; Gabriel Romero.<\/p>\n<p>&#8211; Jorge Bal\u00e1n.<\/p>\n<p>&#8211; Hugo Dragonetti.<\/p>\n<p>&#8211; Hugo Eurnekian.<\/p>\n<p>&#8211; Ernesto Clarens.<\/p>\n<p>&#8211; Enrique Pescarmona.<\/p>\n<p>&nbsp;<\/p>\n<p>&nbsp;<\/p>\n<p><strong>Falta de m\u00e9rito:<\/strong><\/p>\n<p>&#8211; Jorge Neira.<\/p>\n<p>&#8211; Javier S\u00e1nchez Caballero.<\/p>\n<p>&#8211; Rodolfo Poblete.<\/p>\n<p>&#8211; H\u00e9ctor Zabaleta.<\/p>\n<p>&#8211; Franco Valenti.<\/p>\n<p>&#8211; Osvaldo Acosta.<\/p>\n","protected":false},"excerpt":{"rendered":"<p>El juez dijo que considera a la ex presidente y actual senado como &#8220;jefa de una asociaci\u00f3n il\u00edcita&#8221;. Tambi\u00e9n fue procesado el primo hermano de Mauricio Macri, \u00c1ngelo Calcaterra. Las acusaciones se basan en dichos de &#8220;arrepentidos&#8221;, empresarios y pol\u00edticos &nbsp; &nbsp; &nbsp; &nbsp; El juez federal Claudio Bonadio proces\u00f3 con prisi\u00f3n preventiva a la ex presidenta Cristina Kirchner por considerarla &#8220;jefa&#8221; de una asociaci\u00f3n il\u00edcita en la causa de las fotocopias, por supuestos pagos de coimas de empresarios a ex funcionarios por la obra p\u00fablica durante su mandato. &nbsp;&#8230;<\/p>\n","protected":false},"author":3,"featured_media":33292,"comment_status":"closed","ping_status":"closed","sticky":false,"template":"","format":"standard","meta":[],"categories":[18],"tags":[],"_links":{"self":[{"href":"https:\/\/www.actualidadadiario.com\/index.php\/wp-json\/wp\/v2\/posts\/33291"}],"collection":[{"href":"https:\/\/www.actualidadadiario.com\/index.php\/wp-json\/wp\/v2\/posts"}],"about":[{"href":"https:\/\/www.actualidadadiario.com\/index.php\/wp-json\/wp\/v2\/types\/post"}],"author":[{"embeddable":true,"href":"https:\/\/www.actualidadadiario.com\/index.php\/wp-json\/wp\/v2\/users\/3"}],"replies":[{"embeddable":true,"href":"https:\/\/www.actualidadadiario.com\/index.php\/wp-json\/wp\/v2\/comments?post=33291"}],"version-history":[{"count":1,"href":"https:\/\/www.actualidadadiario.com\/index.php\/wp-json\/wp\/v2\/posts\/33291\/revisions"}],"predecessor-version":[{"id":33293,"href":"https:\/\/www.actualidadadiario.com\/index.php\/wp-json\/wp\/v2\/posts\/33291\/revisions\/33293"}],"wp:featuredmedia":[{"embeddable":true,"href":"https:\/\/www.actualidadadiario.com\/index.php\/wp-json\/wp\/v2\/media\/33292"}],"wp:attachment":[{"href":"https:\/\/www.actualidadadiario.com\/index.php\/wp-json\/wp\/v2\/media?parent=33291"}],"wp:term":[{"taxonomy":"category","embeddable":true,"href":"https:\/\/www.actualidadadiario.com\/index.php\/wp-json\/wp\/v2\/categories?post=33291"},{"taxonomy":"post_tag","embeddable":true,"href":"https:\/\/www.actualidadadiario.com\/index.php\/wp-json\/wp\/v2\/tags?post=33291"}],"curies":[{"name":"wp","href":"https:\/\/api.w.org\/{rel}","templated":true}]}}