{"id":33285,"date":"2018-09-18T10:46:57","date_gmt":"2018-09-18T13:46:57","guid":{"rendered":"https:\/\/www.actualidadadiario.com\/?p=33285"},"modified":"2018-11-06T19:37:38","modified_gmt":"2018-11-06T22:37:38","slug":"caso-arribas-referentes-de-la-lucha-contra-la-corrupcion-se-solidarizaron-con-los-fiscales","status":"publish","type":"post","link":"https:\/\/www.actualidadadiario.com\/index.php\/2018\/09\/18\/caso-arribas-referentes-de-la-lucha-contra-la-corrupcion-se-solidarizaron-con-los-fiscales\/","title":{"rendered":"Caso Arribas: referentes de la lucha contra la corrupci\u00f3n se solidarizaron con los fiscales"},"content":{"rendered":"<p><em><strong>Mediante un comunicado, la Comisi\u00f3n de Seguimiento de la Convenci\u00f3n Interamericana Contra la Corrupci\u00f3n apoy\u00f3 a Sergio Rodr\u00edguez y Federico Delgado<\/strong><\/em><\/p>\n<p>&nbsp;<\/p>\n<p>&nbsp;<\/p>\n<p>&nbsp;<\/p>\n<p>&nbsp;<\/p>\n<p>El viernes, la C\u00e1mara Federal dispuso que se reabra la causa contra el fiscal Federico Delgado y el procurador de Investigaciones Administrativas, Sergio Rodr\u00edguez, en la investigaci\u00f3n sobre transferencias bancarias a una cuenta suiza del jefe de los esp\u00edas, Gustavo Arribas. Es por eso que la Comisi\u00f3n de Seguimiento de la Convenci\u00f3n Interamericana Contra la Corrupci\u00f3n emiti\u00f3 un comunicado donde se solidariz\u00f3 con los fiscales.<\/p>\n<p>&nbsp;<\/p>\n<p>Antes de que comenzara el pasado fin de semana, Leopoldo Bruglia y Mariano Llorens, con el voto en minor\u00eda de Mart\u00edn Irurzun, hicieron lugar a un pedido del titular de la AFI. Este, se constituy\u00f3 como querellante contra los fiscales, y decidieron desestimar la determinaci\u00f3n del juez Daniel Rafecas al considerar que fue prematura, por lo que dispusieron que se reabra la causa con el objetivo de realizar distintas medidas de prueba.<\/p>\n<p>&nbsp;<\/p>\n<p>En ese sentido, mediante un comunicado, el presidente de la Comisi\u00f3n de Seguimiento del cumplimiento de la Convenci\u00f3n Interamericana Contra la Corrupci\u00f3n (CSC), \u00c1ngel Bruno, se solidariz\u00f3 con los fiscales que ahora son investigados por la causa que pesaba contra el jefe de los esp\u00edas por transferencias bancarias de pagos indebidos por US$850.000 a una cuenta suiza.<\/p>\n<p>&nbsp;<\/p>\n<p>&#8220;Tengo el agrado de dirigirme a Ud. en mi car\u00e1cter de Presidente de la Comisi\u00f3n de Seguimiento del cumplimiento de la Convenci\u00f3n Interamericana Contra la Corrupci\u00f3n (CSC), a los efectos de expresarle mi solidaridad y acompa\u00f1amiento frente a la decisi\u00f3n de la C\u00e1mara Federal de revocar la de primera instancia y ordenar continuar investigando una denuncia contra Ud. y otro se\u00f1or Fiscal&#8221;, comienza el escrito que difundi\u00f3 Rodr\u00edguez en su cuenta de Twitter.<\/p>\n<p>&nbsp;<\/p>\n<p>En ese sentido, el titular del CSC afirm\u00f3: &#8220;El celo puesto en Ud. en investigar y dar a conocer la verdad en un caso con claras sospechas de corrupci\u00f3n, cumplimentando todas la normas procesales vigentes y respetando todas la garant\u00edas constitucionales del investigado, debe ser reconocido. M\u00e1xime, cuando contraste vivamente con los procedimientos sesgados y alejados del respeto de tales garant\u00edas, que se producen diariamente en otros procesos vinculados a la corrupci\u00f3n&#8221;.<\/p>\n<p>&nbsp;<\/p>\n<p>&#8220;Es de esperar que, m\u00e1s temprano que tarde, en nuestro pa\u00eds los casos de corrupci\u00f3n sean investigados y juzgados con la misma vara, con pleno apego a los c\u00f3digos procesales y las garant\u00eda constitucionales, sin distinci\u00f3n entre los funcionarios y empresarios, y entre aquellos pasados o actuales&#8221;, finaliza el documento que rubric\u00f3 \u00c1ngel Bruno.<\/p>\n<p>&nbsp;<\/p>\n<p>Vale destacar que Arribas no solo apunt\u00f3 judicialmente contra los fiscales, a los que acus\u00f3 del presunto delito de tomarle declaraci\u00f3n al arrepentido brasile\u00f1o sin haberle tomado juramento de decir la verdad, sino tambi\u00e9n contra al cuevero brasile\u00f1o Leonardo Meirelles, quien acus\u00f3 al jefe de los esp\u00edas por pagos indebidos por 850.000 d\u00f3lares.<\/p>\n","protected":false},"excerpt":{"rendered":"<p>Mediante un comunicado, la Comisi\u00f3n de Seguimiento de la Convenci\u00f3n Interamericana Contra la Corrupci\u00f3n apoy\u00f3 a Sergio Rodr\u00edguez y Federico Delgado &nbsp; &nbsp; &nbsp; &nbsp; El viernes, la C\u00e1mara Federal dispuso que se reabra la causa contra el fiscal Federico Delgado y el procurador de Investigaciones Administrativas, Sergio Rodr\u00edguez, en la investigaci\u00f3n sobre transferencias bancarias a una cuenta suiza del jefe de los esp\u00edas, Gustavo Arribas. Es por eso que la Comisi\u00f3n de Seguimiento de la Convenci\u00f3n Interamericana Contra la Corrupci\u00f3n emiti\u00f3 un comunicado donde se solidariz\u00f3 con los fiscales&#8230;.<\/p>\n","protected":false},"author":3,"featured_media":33286,"comment_status":"closed","ping_status":"closed","sticky":false,"template":"","format":"standard","meta":[],"categories":[18],"tags":[],"_links":{"self":[{"href":"https:\/\/www.actualidadadiario.com\/index.php\/wp-json\/wp\/v2\/posts\/33285"}],"collection":[{"href":"https:\/\/www.actualidadadiario.com\/index.php\/wp-json\/wp\/v2\/posts"}],"about":[{"href":"https:\/\/www.actualidadadiario.com\/index.php\/wp-json\/wp\/v2\/types\/post"}],"author":[{"embeddable":true,"href":"https:\/\/www.actualidadadiario.com\/index.php\/wp-json\/wp\/v2\/users\/3"}],"replies":[{"embeddable":true,"href":"https:\/\/www.actualidadadiario.com\/index.php\/wp-json\/wp\/v2\/comments?post=33285"}],"version-history":[{"count":1,"href":"https:\/\/www.actualidadadiario.com\/index.php\/wp-json\/wp\/v2\/posts\/33285\/revisions"}],"predecessor-version":[{"id":33287,"href":"https:\/\/www.actualidadadiario.com\/index.php\/wp-json\/wp\/v2\/posts\/33285\/revisions\/33287"}],"wp:featuredmedia":[{"embeddable":true,"href":"https:\/\/www.actualidadadiario.com\/index.php\/wp-json\/wp\/v2\/media\/33286"}],"wp:attachment":[{"href":"https:\/\/www.actualidadadiario.com\/index.php\/wp-json\/wp\/v2\/media?parent=33285"}],"wp:term":[{"taxonomy":"category","embeddable":true,"href":"https:\/\/www.actualidadadiario.com\/index.php\/wp-json\/wp\/v2\/categories?post=33285"},{"taxonomy":"post_tag","embeddable":true,"href":"https:\/\/www.actualidadadiario.com\/index.php\/wp-json\/wp\/v2\/tags?post=33285"}],"curies":[{"name":"wp","href":"https:\/\/api.w.org\/{rel}","templated":true}]}}