{"id":33266,"date":"2018-09-18T10:38:36","date_gmt":"2018-09-18T13:38:36","guid":{"rendered":"https:\/\/www.actualidadadiario.com\/?p=33266"},"modified":"2018-11-06T19:37:38","modified_gmt":"2018-11-06T22:37:38","slug":"alerta-por-la-aceleracion-de-la-inflacion-acumula-mas-de-5-en-las-dos-primeras-semanas-de-septiembre","status":"publish","type":"post","link":"https:\/\/www.actualidadadiario.com\/index.php\/2018\/09\/18\/alerta-por-la-aceleracion-de-la-inflacion-acumula-mas-de-5-en-las-dos-primeras-semanas-de-septiembre\/","title":{"rendered":"Alerta por la aceleraci\u00f3n de la inflaci\u00f3n: acumula m\u00e1s de 5% en las dos primeras semanas de septiembre"},"content":{"rendered":"<p><em><strong>As\u00ed lo inform\u00f3 la consultora Elypsis. Para todo 2019, la firma fundada por dos ex funcionarios macristas corrigi\u00f3 la estimaci\u00f3n a 44% &#8220;con riesgo de alza&#8221;<\/strong><\/em><\/p>\n<p>&nbsp;<\/p>\n<p>&nbsp;<\/p>\n<p>&nbsp;<\/p>\n<p>&nbsp;<\/p>\n<p>La inflaci\u00f3n de la segunda semana de septiembre fue de 2,3%, seg\u00fan el relevamiento que realiza peri\u00f3dicamente la consultora Elypsis. Esto se suma al 3,1% registrado en la semana anterior, lo cual totaliza m\u00e1s de un 5% para la primera mitad del mes.<\/p>\n<p>&nbsp;<\/p>\n<p>&#8220;Corregimos al alza nuestra estimaci\u00f3n de septiembre: se ubicar\u00e1 alrededor del 7% mensual&#8221;, se se\u00f1ala en el informe difundido por la firma. &#8220;En virtud de esto nuestra proyecci\u00f3n es de 44% para el a\u00f1o, con riesgo al alza&#8221;, agregan.<\/p>\n<p>&nbsp;<\/p>\n<p>Seg\u00fan el trabajo, la denominada &#8220;inflaci\u00f3n n\u00facleo&#8221; (que no incluye los factores estacionales ni los aumentos de tarifas de servicios p\u00fablicos) alcanz\u00f3 el 3,3% en la semana del 10 al 16 de septiembre.<\/p>\n<p>&nbsp;<\/p>\n<p>De este modo, este sub \u00edndice que supo mostrar en otras etapas el gobierno, ahora muestra un crecimiento a\u00fan mayor que la inflaci\u00f3n total, ya que sum\u00f3 un 6,9% en las \u00faltimas cuatro semanas, contra 5,9% general.<\/p>\n<p>&nbsp;<\/p>\n<p>En tanto, la variaci\u00f3n semanal del rubro &#8220;alimentos y bebidas&#8221; fue del 3,4%, con lo cual lleva ya un total de 6,6% en el \u00faltimo mes.<\/p>\n<p>&nbsp;<\/p>\n<p>El precio de la carne, por su parte, volvi\u00f3 a acelerarse, llegando a incrementarse 4,8% en la \u00faltima semana y 8% si se toma el mes completo.<\/p>\n<p>&nbsp;<\/p>\n<p>La consultora Elypsis, fundada por Eduardo Levy Yeyati y Luciano Cohan, dos economistas ex funcionarios de Cambiemos, realiza hace 3 a\u00f1os una medici\u00f3n on line de precios en todo el pa\u00eds &#8220;que en los \u00faltimos meses viene anticipando con mucha precisi\u00f3n los datos que despu\u00e9s publica el Indec&#8221;, destac\u00f3 el periodista econ\u00f3mico Maximiliano Montenegro a trav\u00e9s de su sitio web Plan M.<\/p>\n","protected":false},"excerpt":{"rendered":"<p>As\u00ed lo inform\u00f3 la consultora Elypsis. Para todo 2019, la firma fundada por dos ex funcionarios macristas corrigi\u00f3 la estimaci\u00f3n a 44% &#8220;con riesgo de alza&#8221; &nbsp; &nbsp; &nbsp; &nbsp; La inflaci\u00f3n de la segunda semana de septiembre fue de 2,3%, seg\u00fan el relevamiento que realiza peri\u00f3dicamente la consultora Elypsis. Esto se suma al 3,1% registrado en la semana anterior, lo cual totaliza m\u00e1s de un 5% para la primera mitad del mes. &nbsp; &#8220;Corregimos al alza nuestra estimaci\u00f3n de septiembre: se ubicar\u00e1 alrededor del 7% mensual&#8221;, se se\u00f1ala en&#8230;<\/p>\n","protected":false},"author":3,"featured_media":33267,"comment_status":"closed","ping_status":"closed","sticky":false,"template":"","format":"standard","meta":[],"categories":[9],"tags":[],"_links":{"self":[{"href":"https:\/\/www.actualidadadiario.com\/index.php\/wp-json\/wp\/v2\/posts\/33266"}],"collection":[{"href":"https:\/\/www.actualidadadiario.com\/index.php\/wp-json\/wp\/v2\/posts"}],"about":[{"href":"https:\/\/www.actualidadadiario.com\/index.php\/wp-json\/wp\/v2\/types\/post"}],"author":[{"embeddable":true,"href":"https:\/\/www.actualidadadiario.com\/index.php\/wp-json\/wp\/v2\/users\/3"}],"replies":[{"embeddable":true,"href":"https:\/\/www.actualidadadiario.com\/index.php\/wp-json\/wp\/v2\/comments?post=33266"}],"version-history":[{"count":1,"href":"https:\/\/www.actualidadadiario.com\/index.php\/wp-json\/wp\/v2\/posts\/33266\/revisions"}],"predecessor-version":[{"id":33268,"href":"https:\/\/www.actualidadadiario.com\/index.php\/wp-json\/wp\/v2\/posts\/33266\/revisions\/33268"}],"wp:featuredmedia":[{"embeddable":true,"href":"https:\/\/www.actualidadadiario.com\/index.php\/wp-json\/wp\/v2\/media\/33267"}],"wp:attachment":[{"href":"https:\/\/www.actualidadadiario.com\/index.php\/wp-json\/wp\/v2\/media?parent=33266"}],"wp:term":[{"taxonomy":"category","embeddable":true,"href":"https:\/\/www.actualidadadiario.com\/index.php\/wp-json\/wp\/v2\/categories?post=33266"},{"taxonomy":"post_tag","embeddable":true,"href":"https:\/\/www.actualidadadiario.com\/index.php\/wp-json\/wp\/v2\/tags?post=33266"}],"curies":[{"name":"wp","href":"https:\/\/api.w.org\/{rel}","templated":true}]}}