{"id":33264,"date":"2018-09-18T10:37:34","date_gmt":"2018-09-18T13:37:34","guid":{"rendered":"https:\/\/www.actualidadadiario.com\/?p=33264"},"modified":"2018-11-06T19:37:38","modified_gmt":"2018-11-06T22:37:38","slug":"el-stj-definira-hoy-la-conformacion-de-la-sala-de-casacion-penal-de-concordia","status":"publish","type":"post","link":"https:\/\/www.actualidadadiario.com\/index.php\/2018\/09\/18\/el-stj-definira-hoy-la-conformacion-de-la-sala-de-casacion-penal-de-concordia\/","title":{"rendered":"El STJ definir\u00e1 hoy la conformaci\u00f3n de la Sala de Casaci\u00f3n Penal de Concordia"},"content":{"rendered":"<p><em><strong>El Superior Tribunal de Justicia (STJ) debatir\u00e1 en el acuerdo general de este martes la integraci\u00f3n de la Sala de Casaci\u00f3n Penal de Concordia, confirmaron fuentes judiciales. El abogado Julio Federik es el \u00fanico integrante confirmado y los dos nombres que podr\u00edan completar la terna son Gustavo Perroud y Silvina Isabel Gallo<\/strong><\/em><\/p>\n<p>&nbsp;<\/p>\n<p>&nbsp;<\/p>\n<p>&nbsp;<\/p>\n<p>En el pr\u00f3ximo acuerdo, el pleno del Superior Tribunal de Justicia decidir\u00e1 a instancia de los vocales de la sala Penal y de Asuntos Constitucionales quienes ser\u00e1n los tres integrantes de la Sala de Casaci\u00f3n Penal de Concordia. Esto significa que los jueves Juan Carlos Carubia; Claudia Mizawak y Miguel \u00c1ngel Giorgio (que integran la Sala Penal) propondr\u00e1n a los seis vocales restantes qui\u00e9nes deber\u00edan integrar el Tribunal de Concordia.<\/p>\n<p>&nbsp;<\/p>\n<p>Hasta ahora, el \u00fanico nombre confirmado es el del letrado paranaense Julio Federik. Otra posibilidad que se manej\u00f3 desde un principio fue la de Mart\u00edn Carbonell, pero ahora fue propuesto por el Gobernador Gustavo Bordet para ocupar el lugar de Leonor Pa\u00f1eda en el Superior Tribunal de Justicia.<\/p>\n<p>&nbsp;<\/p>\n<p>La terna, seg\u00fan indicaron fuentes judiciales y de la Casa Gris, se podr\u00eda completar con el juez de Garant\u00edas Dar\u00edo Gustavo Perroud y la presidenta del Tribunal de Juicio Silvina Isabel Gallo, ambos de la ciudad de Concordia. Las charlas entre el Gobierno y el Superior al respecto son \u201cun complejo proceso de construcci\u00f3n de consensos\u201d, explic\u00f3 una fuente gubernamental a esta Agencia.<\/p>\n<p>&nbsp;<\/p>\n<p>Adem\u00e1s, la Defensor\u00eda de C\u00e1mara es casi un hecho que estar\u00e1 a cargo de Alejandro Giorgio.<\/p>\n<p>&nbsp;<\/p>\n<p>Una vez completado este paso, y hasta tanto el Consejo de la Magistratura concurse los cargos de la Sala de Casaci\u00f3n, el STJ deber\u00e1 resolver tambi\u00e9n c\u00f3mo ocupar los lugares que dejan en el resto de la estructura judicial quienes integrar\u00e1n el nuevo tribunal, cuyo funcionamiento podr\u00eda comenzar en octubre.<\/p>\n","protected":false},"excerpt":{"rendered":"<p>El Superior Tribunal de Justicia (STJ) debatir\u00e1 en el acuerdo general de este martes la integraci\u00f3n de la Sala de Casaci\u00f3n Penal de Concordia, confirmaron fuentes judiciales. El abogado Julio Federik es el \u00fanico integrante confirmado y los dos nombres que podr\u00edan completar la terna son Gustavo Perroud y Silvina Isabel Gallo &nbsp; &nbsp; &nbsp; En el pr\u00f3ximo acuerdo, el pleno del Superior Tribunal de Justicia decidir\u00e1 a instancia de los vocales de la sala Penal y de Asuntos Constitucionales quienes ser\u00e1n los tres integrantes de la Sala de Casaci\u00f3n&#8230;<\/p>\n","protected":false},"author":3,"featured_media":33180,"comment_status":"closed","ping_status":"closed","sticky":false,"template":"","format":"standard","meta":[],"categories":[15],"tags":[],"_links":{"self":[{"href":"https:\/\/www.actualidadadiario.com\/index.php\/wp-json\/wp\/v2\/posts\/33264"}],"collection":[{"href":"https:\/\/www.actualidadadiario.com\/index.php\/wp-json\/wp\/v2\/posts"}],"about":[{"href":"https:\/\/www.actualidadadiario.com\/index.php\/wp-json\/wp\/v2\/types\/post"}],"author":[{"embeddable":true,"href":"https:\/\/www.actualidadadiario.com\/index.php\/wp-json\/wp\/v2\/users\/3"}],"replies":[{"embeddable":true,"href":"https:\/\/www.actualidadadiario.com\/index.php\/wp-json\/wp\/v2\/comments?post=33264"}],"version-history":[{"count":1,"href":"https:\/\/www.actualidadadiario.com\/index.php\/wp-json\/wp\/v2\/posts\/33264\/revisions"}],"predecessor-version":[{"id":33265,"href":"https:\/\/www.actualidadadiario.com\/index.php\/wp-json\/wp\/v2\/posts\/33264\/revisions\/33265"}],"wp:featuredmedia":[{"embeddable":true,"href":"https:\/\/www.actualidadadiario.com\/index.php\/wp-json\/wp\/v2\/media\/33180"}],"wp:attachment":[{"href":"https:\/\/www.actualidadadiario.com\/index.php\/wp-json\/wp\/v2\/media?parent=33264"}],"wp:term":[{"taxonomy":"category","embeddable":true,"href":"https:\/\/www.actualidadadiario.com\/index.php\/wp-json\/wp\/v2\/categories?post=33264"},{"taxonomy":"post_tag","embeddable":true,"href":"https:\/\/www.actualidadadiario.com\/index.php\/wp-json\/wp\/v2\/tags?post=33264"}],"curies":[{"name":"wp","href":"https:\/\/api.w.org\/{rel}","templated":true}]}}