{"id":33258,"date":"2018-09-18T10:36:15","date_gmt":"2018-09-18T13:36:15","guid":{"rendered":"https:\/\/www.actualidadadiario.com\/?p=33258"},"modified":"2018-11-06T19:37:38","modified_gmt":"2018-11-06T22:37:38","slug":"bordet-y-frigerio-en-el-alvear-por-la-cumbre-del-g20","status":"publish","type":"post","link":"https:\/\/www.actualidadadiario.com\/index.php\/2018\/09\/18\/bordet-y-frigerio-en-el-alvear-por-la-cumbre-del-g20\/","title":{"rendered":"Bordet y Frigerio en el Alvear por la cumbre del G20"},"content":{"rendered":"<p><em><strong>La presidencia argentina del G-20 dio por comenzada la serie de eventos que vinculan a la c\u00faspide del arco pol\u00edtico y empresarial nacional e internacional. Anoche, el hotel Alvear se visti\u00f3 de gala para recibir a personalidades como el ministro del Interior de la Naci\u00f3n Rogelio Frigerio y al gobernador de Entre R\u00edos Gustavo Bordet, entre muchos otros<\/strong><\/em><\/p>\n<p>&nbsp;<\/p>\n<p>&nbsp;<\/p>\n<p>&nbsp;<\/p>\n<p>&nbsp;<\/p>\n<p>D\u00edas atr\u00e1s, el presidente Mauricio Macri encabez\u00f3 la apertura del encuentro T20, un grupo de afinidad del G-20 que re\u00fane a los principales de think tanks del mundo. El evento tuvo lugar en el CCK, donde el mandatario dio un discurso ante los representantes de 150 usinas de pensamiento de m\u00e1s de 60 pa\u00edses.<\/p>\n<p>&nbsp;<\/p>\n<p>Como presidenta del G-20, la Argentina oficia de anfitriona de los eventos m\u00e1s importantes a niveles internacional. El pr\u00f3ximo 30 noviembre y 1 de diciembre ser\u00e1n los d\u00edas clave: aterrizar\u00e1n en el pa\u00eds los presidentes y jefe de Estado de los miembros del grupo, quienes discutir\u00e1n temas que van desde econom\u00eda internacional, a los empleos del futuro.<\/p>\n<p>&nbsp;<\/p>\n<p>El foro del G20 lo componen la Uni\u00f3n Europea y 19 pa\u00edses: Alemania, Arabia Saud\u00ed, Argentina, Australia, Brasil, Canad\u00e1, China, Corea del Sur, Estados Unidos, Francia, India, Indonesia, Italia, Jap\u00f3n, M\u00e9xico, Reino Unido, Rusia, Sud\u00e1frica y Turqu\u00eda.<\/p>\n<p>&nbsp;<\/p>\n<p>Este a\u00f1o se sumaron Espa\u00f1a (invitado permanente), Chile y los Pa\u00edses Bajos, y en representaci\u00f3n de organizaciones regionales, Singapur (ASEAN), Jamaica (Caricom), Ruanda (Uni\u00f3n Africana) y Senegal (NEPAD).La presidencia argentina, adem\u00e1s, invit\u00f3 al Banco Interamericano de Desarrollo (BID) y al Banco de Desarrollo de Am\u00e9rica Latina (CAF).<\/p>\n<p>&nbsp;<\/p>\n<p>Anoche confluyeron en el Alvear el ministro de mayor v\u00ednculo con Entre R\u00edos, Rogelio Frigerio, y el gobernador Gustavo Bordet, a quienes se pudo ver compartiendo la mesa con personalidades internacionales.<\/p>\n","protected":false},"excerpt":{"rendered":"<p>La presidencia argentina del G-20 dio por comenzada la serie de eventos que vinculan a la c\u00faspide del arco pol\u00edtico y empresarial nacional e internacional. Anoche, el hotel Alvear se visti\u00f3 de gala para recibir a personalidades como el ministro del Interior de la Naci\u00f3n Rogelio Frigerio y al gobernador de Entre R\u00edos Gustavo Bordet, entre muchos otros &nbsp; &nbsp; &nbsp; &nbsp; D\u00edas atr\u00e1s, el presidente Mauricio Macri encabez\u00f3 la apertura del encuentro T20, un grupo de afinidad del G-20 que re\u00fane a los principales de think tanks del mundo&#8230;.<\/p>\n","protected":false},"author":3,"featured_media":33259,"comment_status":"closed","ping_status":"closed","sticky":false,"template":"","format":"standard","meta":[],"categories":[15],"tags":[],"_links":{"self":[{"href":"https:\/\/www.actualidadadiario.com\/index.php\/wp-json\/wp\/v2\/posts\/33258"}],"collection":[{"href":"https:\/\/www.actualidadadiario.com\/index.php\/wp-json\/wp\/v2\/posts"}],"about":[{"href":"https:\/\/www.actualidadadiario.com\/index.php\/wp-json\/wp\/v2\/types\/post"}],"author":[{"embeddable":true,"href":"https:\/\/www.actualidadadiario.com\/index.php\/wp-json\/wp\/v2\/users\/3"}],"replies":[{"embeddable":true,"href":"https:\/\/www.actualidadadiario.com\/index.php\/wp-json\/wp\/v2\/comments?post=33258"}],"version-history":[{"count":1,"href":"https:\/\/www.actualidadadiario.com\/index.php\/wp-json\/wp\/v2\/posts\/33258\/revisions"}],"predecessor-version":[{"id":33260,"href":"https:\/\/www.actualidadadiario.com\/index.php\/wp-json\/wp\/v2\/posts\/33258\/revisions\/33260"}],"wp:featuredmedia":[{"embeddable":true,"href":"https:\/\/www.actualidadadiario.com\/index.php\/wp-json\/wp\/v2\/media\/33259"}],"wp:attachment":[{"href":"https:\/\/www.actualidadadiario.com\/index.php\/wp-json\/wp\/v2\/media?parent=33258"}],"wp:term":[{"taxonomy":"category","embeddable":true,"href":"https:\/\/www.actualidadadiario.com\/index.php\/wp-json\/wp\/v2\/categories?post=33258"},{"taxonomy":"post_tag","embeddable":true,"href":"https:\/\/www.actualidadadiario.com\/index.php\/wp-json\/wp\/v2\/tags?post=33258"}],"curies":[{"name":"wp","href":"https:\/\/api.w.org\/{rel}","templated":true}]}}