{"id":33255,"date":"2018-09-18T10:35:36","date_gmt":"2018-09-18T13:35:36","guid":{"rendered":"https:\/\/www.actualidadadiario.com\/?p=33255"},"modified":"2018-11-06T19:37:38","modified_gmt":"2018-11-06T22:37:38","slug":"urribarri-se-reunio-con-cristina-sigue-firme-en-sus-convicciones-dijo","status":"publish","type":"post","link":"https:\/\/www.actualidadadiario.com\/index.php\/2018\/09\/18\/urribarri-se-reunio-con-cristina-sigue-firme-en-sus-convicciones-dijo\/","title":{"rendered":"Urribarri se reuni\u00f3 con Cristina: &#8220;Sigue firme en sus convicciones&#8221;, dijo"},"content":{"rendered":"<p><em><strong>&#8220;Nuestra jefa, pese a las terribles embestidas, contin\u00faa \u00edntegra, firme en sus convicciones y m\u00e1s fuerte que nunca&#8221;, dijo el exgobernador. Se reuni\u00f3 con Cristina Kirchner luego de que el juez Bonadio la procesara con prisi\u00f3n preventiva<\/strong><\/em><\/p>\n<p>&nbsp;<\/p>\n<p>&nbsp;<\/p>\n<p>&nbsp;<\/p>\n<p>&nbsp;<\/p>\n<p>El exgobernador y actual Presidente de la C\u00e1mara de Diputados de la Provincia, Sergio Urribarri, mantuvo un encuentro este lunes por la tarde con Cristina Fern\u00e1ndez de Kirchner en el Instituto Patria. Fue luego de que el juez Bonadio procesara con prisi\u00f3n preventiva a la ex mandataria en la causa de los cuadernos y pidiera su desafuero.<\/p>\n<p>&nbsp;<\/p>\n<p>&#8220;Profundizamos sobre el retroceso que est\u00e1n atravesando cada una de nuestras econom\u00edas regionales y sobre la situaci\u00f3n social preocupante que est\u00e1n viviendo los sectores m\u00e1s vulnerables y la clase media a partir del cierre de comercios y empresas&#8221;, expres\u00f3 el exmandatario.<\/p>\n<p>&nbsp;<\/p>\n<p>Asimismo, Urribarri manifest\u00f3 que &#8220;es sumamente alarmante lo que est\u00e1 sucediendo en la Argentina de hoy: se ha arrasado el Estado y los derechos de los ciudadanos&#8221;.<\/p>\n<p>&nbsp;<\/p>\n<p>En este sentido, destac\u00f3 el rol de la oposici\u00f3n en el contexto actual se\u00f1alando que &#8220;quienes pertenecemos al campo nacional y popular tenemos el deber de continuar combatiendo este ajuste y saqueo al pueblo argentino cueste lo que cueste. Porque as\u00ed nos lo ense\u00f1a d\u00eda a d\u00eda nuestra jefa, quien pese a las terribles embestidas que recibe, contin\u00faa \u00edntegra, firme en sus convicciones y m\u00e1s fuerte que nunca&#8221;.<\/p>\n","protected":false},"excerpt":{"rendered":"<p>&#8220;Nuestra jefa, pese a las terribles embestidas, contin\u00faa \u00edntegra, firme en sus convicciones y m\u00e1s fuerte que nunca&#8221;, dijo el exgobernador. Se reuni\u00f3 con Cristina Kirchner luego de que el juez Bonadio la procesara con prisi\u00f3n preventiva &nbsp; &nbsp; &nbsp; &nbsp; El exgobernador y actual Presidente de la C\u00e1mara de Diputados de la Provincia, Sergio Urribarri, mantuvo un encuentro este lunes por la tarde con Cristina Fern\u00e1ndez de Kirchner en el Instituto Patria. Fue luego de que el juez Bonadio procesara con prisi\u00f3n preventiva a la ex mandataria en la&#8230;<\/p>\n","protected":false},"author":3,"featured_media":33256,"comment_status":"closed","ping_status":"closed","sticky":false,"template":"","format":"standard","meta":[],"categories":[15],"tags":[],"_links":{"self":[{"href":"https:\/\/www.actualidadadiario.com\/index.php\/wp-json\/wp\/v2\/posts\/33255"}],"collection":[{"href":"https:\/\/www.actualidadadiario.com\/index.php\/wp-json\/wp\/v2\/posts"}],"about":[{"href":"https:\/\/www.actualidadadiario.com\/index.php\/wp-json\/wp\/v2\/types\/post"}],"author":[{"embeddable":true,"href":"https:\/\/www.actualidadadiario.com\/index.php\/wp-json\/wp\/v2\/users\/3"}],"replies":[{"embeddable":true,"href":"https:\/\/www.actualidadadiario.com\/index.php\/wp-json\/wp\/v2\/comments?post=33255"}],"version-history":[{"count":1,"href":"https:\/\/www.actualidadadiario.com\/index.php\/wp-json\/wp\/v2\/posts\/33255\/revisions"}],"predecessor-version":[{"id":33257,"href":"https:\/\/www.actualidadadiario.com\/index.php\/wp-json\/wp\/v2\/posts\/33255\/revisions\/33257"}],"wp:featuredmedia":[{"embeddable":true,"href":"https:\/\/www.actualidadadiario.com\/index.php\/wp-json\/wp\/v2\/media\/33256"}],"wp:attachment":[{"href":"https:\/\/www.actualidadadiario.com\/index.php\/wp-json\/wp\/v2\/media?parent=33255"}],"wp:term":[{"taxonomy":"category","embeddable":true,"href":"https:\/\/www.actualidadadiario.com\/index.php\/wp-json\/wp\/v2\/categories?post=33255"},{"taxonomy":"post_tag","embeddable":true,"href":"https:\/\/www.actualidadadiario.com\/index.php\/wp-json\/wp\/v2\/tags?post=33255"}],"curies":[{"name":"wp","href":"https:\/\/api.w.org\/{rel}","templated":true}]}}