{"id":33252,"date":"2018-09-18T10:34:56","date_gmt":"2018-09-18T13:34:56","guid":{"rendered":"https:\/\/www.actualidadadiario.com\/?p=33252"},"modified":"2018-11-06T19:37:38","modified_gmt":"2018-11-06T22:37:38","slug":"renuncio-el-vicepresidente-argentino-de-la-comision-tecnica-mixta-de-salto-grande","status":"publish","type":"post","link":"https:\/\/www.actualidadadiario.com\/index.php\/2018\/09\/18\/renuncio-el-vicepresidente-argentino-de-la-comision-tecnica-mixta-de-salto-grande\/","title":{"rendered":"Renunci\u00f3 el Vicepresidente argentino de la Comisi\u00f3n T\u00e9cnica Mixta de Salto Grande"},"content":{"rendered":"<p><em><strong>Se trata de Ra\u00fal Bobillo, quien este lunes comunic\u00f3 su decisi\u00f3n a todo el personal mediante un correo electr\u00f3nico. Su alejamiento se debe a cuestiones \u201cestrictamente personales\u201d, indic\u00f3<\/strong><\/em><\/p>\n<p>&nbsp;<\/p>\n<p>&nbsp;<\/p>\n<p>&nbsp;<\/p>\n<p>&nbsp;<\/p>\n<p>El vicepresidente de la delegaci\u00f3n argentina de la Comisi\u00f3n T\u00e9cnica Mixta de Salto Grande, el ingeniero Ra\u00fal Bobillo, renunci\u00f3 a su cargo este lunes. \u00c9l mismo lo dio a conocer en un correo electr\u00f3nico que envi\u00f3 hoy lunes 17 dirigido \u201ca todo el personal\u201d.<\/p>\n<p>&nbsp;<\/p>\n<p>\u201cNos tom\u00f3 por sorpresa\u201d, confi\u00f3 la secretaria general del Sindicato de Trabajadores de Salto Grande, Mar\u00eda del Rosario Sosa, y explic\u00f3 que seg\u00fan explic\u00f3 el propio Bobillo la decisi\u00f3n se debi\u00f3 a razones \u201cestrictamente personales\u201d.<\/p>\n<p>&nbsp;<\/p>\n<p>Cabe destacar que completan la Delegaci\u00f3n Argentina de la Comisi\u00f3n, Roberto Domingo Niez, que es presidente de cuerpo, y Julio C\u00e9sar Fochesatto, delegado.<\/p>\n<p>&nbsp;<\/p>\n<p>Ahora deber\u00e1 el Ejecutivo Nacional resolver qui\u00e9n reemplazar\u00e1 a Bobillo en el cargo.<\/p>\n","protected":false},"excerpt":{"rendered":"<p>Se trata de Ra\u00fal Bobillo, quien este lunes comunic\u00f3 su decisi\u00f3n a todo el personal mediante un correo electr\u00f3nico. Su alejamiento se debe a cuestiones \u201cestrictamente personales\u201d, indic\u00f3 &nbsp; &nbsp; &nbsp; &nbsp; El vicepresidente de la delegaci\u00f3n argentina de la Comisi\u00f3n T\u00e9cnica Mixta de Salto Grande, el ingeniero Ra\u00fal Bobillo, renunci\u00f3 a su cargo este lunes. \u00c9l mismo lo dio a conocer en un correo electr\u00f3nico que envi\u00f3 hoy lunes 17 dirigido \u201ca todo el personal\u201d. &nbsp; \u201cNos tom\u00f3 por sorpresa\u201d, confi\u00f3 la secretaria general del Sindicato de Trabajadores de&#8230;<\/p>\n","protected":false},"author":3,"featured_media":33253,"comment_status":"closed","ping_status":"closed","sticky":false,"template":"","format":"standard","meta":[],"categories":[15],"tags":[],"_links":{"self":[{"href":"https:\/\/www.actualidadadiario.com\/index.php\/wp-json\/wp\/v2\/posts\/33252"}],"collection":[{"href":"https:\/\/www.actualidadadiario.com\/index.php\/wp-json\/wp\/v2\/posts"}],"about":[{"href":"https:\/\/www.actualidadadiario.com\/index.php\/wp-json\/wp\/v2\/types\/post"}],"author":[{"embeddable":true,"href":"https:\/\/www.actualidadadiario.com\/index.php\/wp-json\/wp\/v2\/users\/3"}],"replies":[{"embeddable":true,"href":"https:\/\/www.actualidadadiario.com\/index.php\/wp-json\/wp\/v2\/comments?post=33252"}],"version-history":[{"count":1,"href":"https:\/\/www.actualidadadiario.com\/index.php\/wp-json\/wp\/v2\/posts\/33252\/revisions"}],"predecessor-version":[{"id":33254,"href":"https:\/\/www.actualidadadiario.com\/index.php\/wp-json\/wp\/v2\/posts\/33252\/revisions\/33254"}],"wp:featuredmedia":[{"embeddable":true,"href":"https:\/\/www.actualidadadiario.com\/index.php\/wp-json\/wp\/v2\/media\/33253"}],"wp:attachment":[{"href":"https:\/\/www.actualidadadiario.com\/index.php\/wp-json\/wp\/v2\/media?parent=33252"}],"wp:term":[{"taxonomy":"category","embeddable":true,"href":"https:\/\/www.actualidadadiario.com\/index.php\/wp-json\/wp\/v2\/categories?post=33252"},{"taxonomy":"post_tag","embeddable":true,"href":"https:\/\/www.actualidadadiario.com\/index.php\/wp-json\/wp\/v2\/tags?post=33252"}],"curies":[{"name":"wp","href":"https:\/\/api.w.org\/{rel}","templated":true}]}}