{"id":33249,"date":"2018-09-18T10:34:19","date_gmt":"2018-09-18T13:34:19","guid":{"rendered":"https:\/\/www.actualidadadiario.com\/?p=33249"},"modified":"2018-11-06T19:37:38","modified_gmt":"2018-11-06T22:37:38","slug":"velazquez-y-kunath-avanzan-en-una-agenda-comun-por-la-salud-entrerriana","status":"publish","type":"post","link":"https:\/\/www.actualidadadiario.com\/index.php\/2018\/09\/18\/velazquez-y-kunath-avanzan-en-una-agenda-comun-por-la-salud-entrerriana\/","title":{"rendered":"Vel\u00e1zquez y Kunath avanzan en una agenda com\u00fan por la salud entrerriana"},"content":{"rendered":"<p><em><strong>La ministra de Salud, Sonia Vel\u00e1zquez, se reuni\u00f3 con la senadora nacional Sigrid Kunath para analizar los distintos temas que atraviesan al sistema sanitario nacional y sus derivaciones en Entre R\u00edos. Asimismo, evaluaron la situaci\u00f3n de los anestesistas<\/strong><\/em><\/p>\n<p>&nbsp;<\/p>\n<p>&nbsp;<\/p>\n<p>&nbsp;<\/p>\n<p>&nbsp;<\/p>\n<p>&nbsp;<\/p>\n<p>A partir de la decisi\u00f3n del gobierno nacional de realizar cambios en el Ministerio de Salud, bajando su rango a categor\u00eda de Secretar\u00eda de Estado, la cartera sanitaria provincial eval\u00faa el impacto del nuevo modelo en cuanto al componente de recursos, seguridad social y presupuestos.<\/p>\n<p>&nbsp;<\/p>\n<p>En este contexto, la ministra de Salud, Sonia Vel\u00e1zquez, mantuvo un encuentro de trabajo con la senadora del Frente Para la Victoria, Sigrid Kunath. En la oportunidad, adem\u00e1s de abordar estas tem\u00e1ticas de profundo inter\u00e9s para el funcionamiento del sistema sanitario p\u00fablico, analizaron un anteproyecto de Ley sobre la situaci\u00f3n de anestesistas en el pa\u00eds.<\/p>\n<p>&nbsp;<\/p>\n<p>\u201cHicimos un repaso y tratamiento de los distintos temas que atraviesan a la salud de nuestra provincia, no solamente con la retracci\u00f3n de este cambio de jerarqu\u00eda a nivel nacional, sino ya con el funcionamiento de otros componentes y sectores\u201d, indic\u00f3 Vel\u00e1zquez.<\/p>\n<p>&nbsp;<\/p>\n<p>Seg\u00fan se\u00f1al\u00f3, \u201ccon Sigrid hemos tenido desde el inicio de la gesti\u00f3n un acompa\u00f1amiento sostenido, un ida y vuelta. Es una legisladora de la que tengo que destacar su trabajo, pero tambi\u00e9n el acompa\u00f1amiento legislativo para el ejercicio de la gesti\u00f3n en este Ministerio de Salud\u201d.<\/p>\n<p>&nbsp;<\/p>\n<p>\u201cEn cuanto al componente del programa Incluir Salud, se han visto demorados los env\u00edos de recursos, y hay una deuda pendiente tanto con el organismo p\u00fablico como con los prestadores privados\u201d, continu\u00f3 la titular de la cartera.<\/p>\n<p>&nbsp;<\/p>\n<p>Por su parte y siguiendo en la misma l\u00ednea, Kunath explic\u00f3: \u201cHace tiempo que trabajamos en el seguimiento de las pol\u00edticas sanitarias nacionales y, espec\u00edficamente, respecto al programa. En este sentido es que venimos reclamando al gobierno nacional que regularice los montos adeudados. He presentado en el Senado de la Naci\u00f3n diversos proyectos para que el Poder Ejecutivo informe el plazo en el que se van a regularizar los pagos y reclam\u00e9 al jefe de Gabinete de ministros en el mismo sentido&#8221;.<\/p>\n<p>&nbsp;<\/p>\n<p>Adem\u00e1s, ambas pusieron \u00e9nfasis en la disparidad cambiaria y la dif\u00edcil obtenci\u00f3n de insumos b\u00e1sicos, lo que conlleva nuevos lineamientos desde el gobierno provincial en este plan de contingencia para los pr\u00f3ximos cuatro meses.<\/p>\n<p>&nbsp;<\/p>\n<p>En este sentido, Kunath manifest\u00f3: \u201cEs preocupante la situaci\u00f3n actual en la que se encuentra el sistema, como consecuencia de las pol\u00edticas sanitarias que se vienen implementando desde el gobierno nacional. Nos preocupan profundamente las decisiones que van en detrimento de la salud de todos los entrerrianos y por eso es importante destacar la decisi\u00f3n pol\u00edtica del gobernador Gustavo Bordet de reforzar todas las partidas presupuestarias, haciendo un gran esfuerzo econ\u00f3mico\u201d.<\/p>\n<p>&nbsp;<\/p>\n<p>&nbsp;<\/p>\n<p><strong>An\u00e1lisis de anteproyectos de Ley<\/strong><\/p>\n<p>En la ocasi\u00f3n, Vel\u00e1zquez y Kunath tambi\u00e9n intercambiaron detalles acerca del anteproyecto de Ley de Anestesistas. La ministra, se\u00f1al\u00f3: \u201cEs muy importante y es un tema que venimos trabajando habida cuenta que es una especialidad que se torn\u00f3 cr\u00edtica a nivel pa\u00eds. Buscamos tener herramientas para regular el componente de este recurso humano calificado, para poder realizar las coberturas prestacionales como la Constituci\u00f3n lo indica, garantizando derechos\u201d.<\/p>\n<p>&nbsp;<\/p>\n<p>Kunath asever\u00f3, adem\u00e1s, que \u201cvamos a dar impulso en el Senado al proyecto del Consejo Federal de Salud (Cofesa) para crear una ley en este contexto\u201d.<\/p>\n<p>&nbsp;<\/p>\n<p>Por \u00faltimo, la senadora tambi\u00e9n referenci\u00f3 un proyecto de ley por el cual se crea la Agencia Nacional de Evaluaci\u00f3n de Tecnolog\u00edas de Salud (Agnet), que est\u00e1 en tratamiento en la Comisi\u00f3n de Salud del Senado: \u201cEs necesario avanzar y establecer una declaraci\u00f3n de principios que contemple la seguridad de las personas, el costo-efectividad de los tratamientos, la equidad del acceso a la salud y la sustentabilidad del sistema\u201d, finaliz\u00f3 la legisladora.<\/p>\n","protected":false},"excerpt":{"rendered":"<p>La ministra de Salud, Sonia Vel\u00e1zquez, se reuni\u00f3 con la senadora nacional Sigrid Kunath para analizar los distintos temas que atraviesan al sistema sanitario nacional y sus derivaciones en Entre R\u00edos. Asimismo, evaluaron la situaci\u00f3n de los anestesistas &nbsp; &nbsp; &nbsp; &nbsp; &nbsp; A partir de la decisi\u00f3n del gobierno nacional de realizar cambios en el Ministerio de Salud, bajando su rango a categor\u00eda de Secretar\u00eda de Estado, la cartera sanitaria provincial eval\u00faa el impacto del nuevo modelo en cuanto al componente de recursos, seguridad social y presupuestos. &nbsp; En&#8230;<\/p>\n","protected":false},"author":3,"featured_media":33250,"comment_status":"closed","ping_status":"closed","sticky":false,"template":"","format":"standard","meta":[],"categories":[15],"tags":[],"_links":{"self":[{"href":"https:\/\/www.actualidadadiario.com\/index.php\/wp-json\/wp\/v2\/posts\/33249"}],"collection":[{"href":"https:\/\/www.actualidadadiario.com\/index.php\/wp-json\/wp\/v2\/posts"}],"about":[{"href":"https:\/\/www.actualidadadiario.com\/index.php\/wp-json\/wp\/v2\/types\/post"}],"author":[{"embeddable":true,"href":"https:\/\/www.actualidadadiario.com\/index.php\/wp-json\/wp\/v2\/users\/3"}],"replies":[{"embeddable":true,"href":"https:\/\/www.actualidadadiario.com\/index.php\/wp-json\/wp\/v2\/comments?post=33249"}],"version-history":[{"count":1,"href":"https:\/\/www.actualidadadiario.com\/index.php\/wp-json\/wp\/v2\/posts\/33249\/revisions"}],"predecessor-version":[{"id":33251,"href":"https:\/\/www.actualidadadiario.com\/index.php\/wp-json\/wp\/v2\/posts\/33249\/revisions\/33251"}],"wp:featuredmedia":[{"embeddable":true,"href":"https:\/\/www.actualidadadiario.com\/index.php\/wp-json\/wp\/v2\/media\/33250"}],"wp:attachment":[{"href":"https:\/\/www.actualidadadiario.com\/index.php\/wp-json\/wp\/v2\/media?parent=33249"}],"wp:term":[{"taxonomy":"category","embeddable":true,"href":"https:\/\/www.actualidadadiario.com\/index.php\/wp-json\/wp\/v2\/categories?post=33249"},{"taxonomy":"post_tag","embeddable":true,"href":"https:\/\/www.actualidadadiario.com\/index.php\/wp-json\/wp\/v2\/tags?post=33249"}],"curies":[{"name":"wp","href":"https:\/\/api.w.org\/{rel}","templated":true}]}}