{"id":33246,"date":"2018-09-18T10:33:38","date_gmt":"2018-09-18T13:33:38","guid":{"rendered":"https:\/\/www.actualidadadiario.com\/?p=33246"},"modified":"2018-11-06T19:37:38","modified_gmt":"2018-11-06T22:37:38","slug":"para-bordet-es-fundamental-sostener-el-equilibrio-financiero","status":"publish","type":"post","link":"https:\/\/www.actualidadadiario.com\/index.php\/2018\/09\/18\/para-bordet-es-fundamental-sostener-el-equilibrio-financiero\/","title":{"rendered":"Para Bordet es fundamental sostener el equilibrio financiero"},"content":{"rendered":"<p><em><strong>&#8220;Nadie va a invertir en una provincia que est\u00e9 desequilibrada financieramente. Tenemos que ser muy serios, trabajar con mucha responsabilidad como lo venimos haciendo porque nos da previsibilidad\u201d, dijo el gobernador Gustavo Bordet, tras reunir a su equipo de gobierno en la Casa Gris<\/strong><\/em><\/p>\n<p>&nbsp;<\/p>\n<p>&nbsp;<\/p>\n<p>&nbsp;<\/p>\n<p>&nbsp;<\/p>\n<p>&nbsp;<\/p>\n<p>Acompa\u00f1ado por el vicegobernador Ad\u00e1n Bahl, Bordet sostuvo que &#8220;este es un a\u00f1o de mucha gesti\u00f3n, hoy es una demostraci\u00f3n de que estamos trabajando y ocup\u00e1ndonos de temas importantes como las obras de infraestructura, la contenci\u00f3n social y sanitaria de la poblaci\u00f3n\u201d.<\/p>\n<p>&nbsp;<\/p>\n<p>El mandatario encabez\u00f3 este lunes una nueva reuni\u00f3n de gabinete donde se analiz\u00f3 la situaci\u00f3n presupuestaria de la provincia, la ejecuci\u00f3n de obras y la proyecci\u00f3n de las actividades tur\u00edsticas y culturales hasta fin de a\u00f1o. Tambi\u00e9n realiz\u00f3 un balance de la misi\u00f3n comercial e institucional realizada la semana pasada a Estados Unidos.<\/p>\n<p>&nbsp;<\/p>\n<p>\u201cAnalizamos la ejecuci\u00f3n presupuestaria del ejercicio 2018. La provincia ya tiene super\u00e1vit primario, esto es el super\u00e1vit sin contar el pago de intereses de deuda, pero llegar\u00edamos a fin de a\u00f1o con una situaci\u00f3n de super\u00e1vit financiero, algo que nos da mucha previsibilidad\u201d, explic\u00f3 Bordet.<\/p>\n<p>&nbsp;<\/p>\n<p>Destac\u00f3 por otro lado la necesidad de buscar mecanismos compensatorios, como se est\u00e1 haciendo con el gobierno nacional y adelant\u00f3: \u201cMa\u00f1ana tendremos una reuni\u00f3n muy importante donde firmaremos convenios que representan mayores ingresos a la provincia y esto es buscar compensaciones. A m\u00ed me interesa b\u00e1sicamente sostener este equilibrio financiero, sostener este equilibrio de caja, para que Entre R\u00edos pueda ser una provincia previsible y que puedan venir las inversiones&#8221;, afirm\u00f3 Bordet.<\/p>\n<p>&nbsp;<\/p>\n<p>&nbsp;<\/p>\n<p><strong>Turismo y cultura<\/strong><\/p>\n<p>En relaci\u00f3n a los dem\u00e1s temas abordados en la reuni\u00f3n con sus colaboradores, el mandatario explic\u00f3: \u201cRepasamos temas de agenda que tienen que ver con el ritmo de obra p\u00fablica que se viene llevando adelante y tambi\u00e9n analizamos distintas actividades que tenemos para realizar de aqu\u00ed hasta fin de a\u00f1o, sobre todo en materia tur\u00edstica y de cultura. Hay una agenda realmente muy interesante para proponer, habida cuenta de que esperamos recibir mucha afluencia de turismo, un poco por la diferencia cambiaria que hace que nuestra provincia pueda beneficiarse con el sector tur\u00edstico. Por eso es que estamos preparando la temporada de primavera y de verano\u201d, acot\u00f3.<\/p>\n<p>&nbsp;<\/p>\n<p>&nbsp;<\/p>\n<p><strong>Misi\u00f3n a Estados Unidos<\/strong><\/p>\n<p>En cuanto a los resultados de su viaje a Estados Unidos concretado la semana anterior, dijo que dej\u00f3 un saldo \u201cmuy positivo\u201d en distintos aspectos. \u201cEl primero, porque tenemos la propuesta que nos hab\u00edan hecho llegar muchos empresarios entrerrianos de recibir inversiones complementarias. Para esto estamos gestionando una misi\u00f3n comercial oficial del gobierno americano a Entre R\u00edos, que posibilite buscar buenos socios para poder desarrollar actividades productivas. Normalmente viajamos a ofrecer los productos entrerrianos, pero lo que necesitamos es agregar valor a las cadenas de producci\u00f3n que tenemos y para esto contar con una inversi\u00f3n asociativa de Estados Unidos, es realmente muy positivo\u201d.<\/p>\n<p>&nbsp;<\/p>\n<p>Por otro lado, Bordet adelant\u00f3 que \u201cestamos muy cerca de abrir el mercado de c\u00edtricos dulces en Estados Unidos, una gesti\u00f3n que venimos siguiendo detenidamente\u201d.<\/p>\n<p>&nbsp;<\/p>\n<p>Asimismo, destac\u00f3 que el tercer aspecto positivo tiene que ver con la reuni\u00f3n que mantuvo con el presidente del Banco Interamericano de Desarrollo (BID), Luis Alberto Moreno, \u201ccon quien acordamos muchas obras para la provincia, como las que tienen que ver con el aeropuerto binacional entre Concordia y Salto. Hay s\u00f3lo dos proyectos binacionales que est\u00e1 financiando el BID, uno es Agua Negra en San Juan y el otro ser\u00eda este, que est\u00e1 muy avanzado y podr\u00eda estar aprobado en la reuni\u00f3n de noviembre del banco\u201d.<\/p>\n<p>&nbsp;<\/p>\n<p>Indic\u00f3 que tambi\u00e9n se dialog\u00f3 sobre la posibilidad de financiamiento de plantas de tratamiento de efluentes en cinco ciudades sobre la vera del r\u00edo Uruguay y otros proyectos que est\u00e1n \u201cen carpeta\u201d con el banco.<\/p>\n<p>&nbsp;<\/p>\n<p>Subray\u00f3 que otro aspecto positivo del viaje es que \u201cabrimos la posibilidad de reunirnos con varios inversores para poder contarles y mostrarles estos n\u00fameros que hacen que hoy Entre R\u00edos sea una provincia confiable para quienes quieran invertir aqu\u00ed. Se trat\u00f3 eso, fue una agenda muy intensa, estuvimos cuatro d\u00edas trabajando de manera intensiva sobre estos temas\u201d.<\/p>\n<p>&nbsp;<\/p>\n<p>Y agreg\u00f3: \u201cHay que salir para que la provincia pueda tener una perspectiva macroecon\u00f3mica importante, no quedarnos encerrados en administrar financieramente o en cuestiones meramente burocr\u00e1ticas, sino buscar que haya un aporte del sector privado que beneficie nuestras cadenas productivas, que nos hagan sustentable como provincia de la regi\u00f3n Pampeana y de la Regi\u00f3n Centro\u201d.<\/p>\n<p>&nbsp;<\/p>\n<p>&nbsp;<\/p>\n<p><strong>Un a\u00f1o de \u201cmucha gesti\u00f3n\u201d<\/strong><\/p>\n<p>Consultado sobre las fechas de las pr\u00f3ximas elecciones, el gobernador afirm\u00f3 que el tema est\u00e1 &#8220;fuera de agenda&#8221;. Sostuvo que &#8220;este es un a\u00f1o de mucha gesti\u00f3n, hoy es una demostraci\u00f3n de que estamos trabajando y ocup\u00e1ndonos de temas important\u00edsimos como es la contenci\u00f3n social y sanitaria de la poblaci\u00f3n. La provincia se est\u00e1 haciendo cargo cada vez m\u00e1s de programas nacionales, sociales y de salud, y queremos darle a nuestra poblaci\u00f3n la seguridad alimentaria y sanitaria que tiene que ver con el rol natural del Estado y que de ninguna manera vamos a abandonar&#8221;. En ese sentido, dijo que &#8220;hablar hoy de fecha de elecciones es algo que est\u00e1 fuera de agenda&#8221;.<\/p>\n","protected":false},"excerpt":{"rendered":"<p>&#8220;Nadie va a invertir en una provincia que est\u00e9 desequilibrada financieramente. Tenemos que ser muy serios, trabajar con mucha responsabilidad como lo venimos haciendo porque nos da previsibilidad\u201d, dijo el gobernador Gustavo Bordet, tras reunir a su equipo de gobierno en la Casa Gris &nbsp; &nbsp; &nbsp; &nbsp; &nbsp; Acompa\u00f1ado por el vicegobernador Ad\u00e1n Bahl, Bordet sostuvo que &#8220;este es un a\u00f1o de mucha gesti\u00f3n, hoy es una demostraci\u00f3n de que estamos trabajando y ocup\u00e1ndonos de temas importantes como las obras de infraestructura, la contenci\u00f3n social y sanitaria de la&#8230;<\/p>\n","protected":false},"author":3,"featured_media":33247,"comment_status":"closed","ping_status":"closed","sticky":false,"template":"","format":"standard","meta":[],"categories":[9,15],"tags":[],"_links":{"self":[{"href":"https:\/\/www.actualidadadiario.com\/index.php\/wp-json\/wp\/v2\/posts\/33246"}],"collection":[{"href":"https:\/\/www.actualidadadiario.com\/index.php\/wp-json\/wp\/v2\/posts"}],"about":[{"href":"https:\/\/www.actualidadadiario.com\/index.php\/wp-json\/wp\/v2\/types\/post"}],"author":[{"embeddable":true,"href":"https:\/\/www.actualidadadiario.com\/index.php\/wp-json\/wp\/v2\/users\/3"}],"replies":[{"embeddable":true,"href":"https:\/\/www.actualidadadiario.com\/index.php\/wp-json\/wp\/v2\/comments?post=33246"}],"version-history":[{"count":1,"href":"https:\/\/www.actualidadadiario.com\/index.php\/wp-json\/wp\/v2\/posts\/33246\/revisions"}],"predecessor-version":[{"id":33248,"href":"https:\/\/www.actualidadadiario.com\/index.php\/wp-json\/wp\/v2\/posts\/33246\/revisions\/33248"}],"wp:featuredmedia":[{"embeddable":true,"href":"https:\/\/www.actualidadadiario.com\/index.php\/wp-json\/wp\/v2\/media\/33247"}],"wp:attachment":[{"href":"https:\/\/www.actualidadadiario.com\/index.php\/wp-json\/wp\/v2\/media?parent=33246"}],"wp:term":[{"taxonomy":"category","embeddable":true,"href":"https:\/\/www.actualidadadiario.com\/index.php\/wp-json\/wp\/v2\/categories?post=33246"},{"taxonomy":"post_tag","embeddable":true,"href":"https:\/\/www.actualidadadiario.com\/index.php\/wp-json\/wp\/v2\/tags?post=33246"}],"curies":[{"name":"wp","href":"https:\/\/api.w.org\/{rel}","templated":true}]}}