{"id":33240,"date":"2018-09-17T10:43:39","date_gmt":"2018-09-17T13:43:39","guid":{"rendered":"https:\/\/www.actualidadadiario.com\/?p=33240"},"modified":"2018-11-06T19:37:42","modified_gmt":"2018-11-06T22:37:42","slug":"desde-la-carcel-lula-llamo-a-redoblar-el-activismo-de-cara-a-los-comicios-del-7-de-octubre","status":"publish","type":"post","link":"https:\/\/www.actualidadadiario.com\/index.php\/2018\/09\/17\/desde-la-carcel-lula-llamo-a-redoblar-el-activismo-de-cara-a-los-comicios-del-7-de-octubre\/","title":{"rendered":"Desde la c\u00e1rcel, Lula llam\u00f3 a redoblar el activismo de cara a los comicios del 7 de octubre"},"content":{"rendered":"<p><em><strong>A pesar de que no puede grabar videos ni dar entrevistas, el ex mandatario es la figura determinante en la pelea por la presidencia de Brasil. Su sucesor, Fernando Haddad, creci\u00f3 del 9 al 13 por ciento de intenciones de voto<\/strong><\/em><\/p>\n<p>&nbsp;<\/p>\n<p>&nbsp;<\/p>\n<p>&nbsp;<\/p>\n<p>Luiz In\u00e1cio Lula da Silva escribi\u00f3 a mano alzada: \u201cfaltan tres semanas para las elecciones y tenemos una gran misi\u00f3n por delante, es hora de de ir puerta por puerta para defender nuestro proyecto\u201d. A trav\u00e9s de esas pocas l\u00edneas redactadas sobre un papel amarillento en un calabozo de Curitiba se dirigi\u00f3 a los m\u00e1s de dos millones de afiliados del Partido de los Trabajadores (PT) para redoblar el activismo de cara a los comicios.<\/p>\n<p>&nbsp;<\/p>\n<p>A pesar de su incomunicaci\u00f3n \u2013no puede grabar videos ni dar entrevistas\u2013 el jefe petista es la figura determinante en la pelea por la presidencia que tendr\u00e1 su primer turno el 7 de octubre y un probable ballottage 21 d\u00edas despu\u00e9s. Obligado a renunciar a su candidatura el martes pasado escogi\u00f3 como sucesor a Fernando Haddad. Tres d\u00edas despu\u00e9s de ser aclamado candidato el pupilo de Lula creci\u00f3 del 9 al 13 por ciento de intenciones de voto proyect\u00e1ndose como posible adversario en la segunda vuelta del capit\u00e1n retirado Jair Bolsonaro que tiene el 26 por ciento y contin\u00faa internado tras ser apu\u00f1alado durante uno de sus actos de campa\u00f1a.<\/p>\n<p>&nbsp;<\/p>\n<p>Desde que fue ingresado en la Superintendencia de la Polic\u00eda Federal hace\u00a0 cinco meses y 10 d\u00edas, Lula recibi\u00f3 m\u00e1s personalidades internacionales de peso que Michel Temer. Ocurre que pr\u00e1cticamente nadie se interesa en ir hasta el Palacio del Planalto, en Brasilia, cuyo ocupante tiene el 3 por ciento de apoyo contra el 40 del ex mandatario seg\u00fan los indicado por las encuestadoras privadas. Este fin de semana el ex ministro de Relaciones Exteriores argentino Jorge Taiana, el intelectual norteamericano Noam Chomsky y otras personalidades viajaron a Brasil donde participaron en un seminario organizado por el PT.<\/p>\n<p>&nbsp;<\/p>\n<p>\u201cEs grav\u00edsimo que Lula est\u00e9 preso y que no se respeten las garant\u00edas constitucionales\u201d sostuvo Taiana quien se encontr\u00f3 con Fernando Haddad.<\/p>\n<p>&nbsp;<\/p>\n<p>El flamante candidato petista Haddad particip\u00f3 ayer la tarde en un caminada por la Avenida Paulista, en el centro de San Pablo.<\/p>\n<p>&nbsp;<\/p>\n<p>\u201cEn la regi\u00f3n hay una embestida judicial, pol\u00edtica y medi\u00e1tica muy fuerte contra los liderazgos nacionales y populares\u201d, se\u00f1al\u00f3 el diputado argentino en el Parlasur.<\/p>\n<p>&nbsp;<\/p>\n<p>Noam Chomsky hizo hincapi\u00e9 en la degradaci\u00f3n institucional brasile\u00f1a.<\/p>\n<p>&nbsp;<\/p>\n<p>\u201cTodos estamos pensando en el problema de la democracia en Brasil, un problema contundente, no podemos dejar de reparar en que Lula tiene derecho a ser candidato a la presidencia\u201d, plante\u00f3 el ling\u00fcista.<\/p>\n<p>&nbsp;<\/p>\n<p>El seminario cont\u00f3 con la participaci\u00f3n del ex jefe del gobierno socialista espa\u00f1ol Jos\u00e9 Luis Rodriguez Zapatero, su colega el ex premier italiano progresista Massimo D\u2019Alema y el conservador Dominique de Villepin que fue primer ministro franc\u00e9s.<\/p>\n<p>&nbsp;<\/p>\n<p>Los participantes del seminario celebrado en San Pablo coincidieron en elogiar la trayectoria de Lula.<\/p>\n<p>&nbsp;<\/p>\n<p>El ex jefe de gobierno de la Ciudad de M\u00e9xico, Cuauht\u00e9moc Cardenas, habl\u00f3 sobre la visita que realiz\u00f3 a su viejo \u201camigo y compa\u00f1ero\u201d en Curitiba.<\/p>\n<p>&nbsp;<\/p>\n<p>El antiguo dirigente de la izquierda mexicana reconoci\u00f3 que tem\u00eda ver a un hombre abatido \u201cpero lo que encontramos fue una persona que levant\u00f3 nuestro \u00e1nimo, nos hizo ver que contin\u00faa combativo para acabar con esta situaci\u00f3n de este gobierno golpista\u201d.<\/p>\n<p>&nbsp;<\/p>\n<p>Los expositores situaron a la crisis brasile\u00f1a dentro de un cuadro de declinaci\u00f3n democr\u00e1tica y ascenso de fuerzas ultraderechistas a escala mundial.<\/p>\n<p>&nbsp;<\/p>\n<p>Chomsky se dijo \u201cpreocupado\u201d ante el estado de la \u201cdemocracia en buena parte del mundo, un ejemplo son las elecciones recientes en Suecia donde los partidos de la extrema derecha ganaron terreno\u201d. Y esboz\u00f3 un paneo sobre el surgimiento en Europa de fuerzas \u201cxen\u00f3fobas con ra\u00edces en el nazismo\u201d. La Liga (ex Liga Norte) en Italia y el Frente Nacional de Francia son expresiones de ese movimiento cuyo radio de influencia no se limita a Europa.<\/p>\n<p>&nbsp;<\/p>\n<p>Los disertantes tambi\u00e9n citaron al presidente filipino Rodrigo Duterte y a su hom\u00f3logo norteamericano Donald Trump, admirado por Jair Bolsonaro.<\/p>\n<p>&nbsp;<\/p>\n<p>Precisamente ayer Bolsonaro agradeci\u00f3 el respaldo recibido desde Italia por el vice premier Matteo Salvini, referente de la Liga.<\/p>\n","protected":false},"excerpt":{"rendered":"<p>A pesar de que no puede grabar videos ni dar entrevistas, el ex mandatario es la figura determinante en la pelea por la presidencia de Brasil. Su sucesor, Fernando Haddad, creci\u00f3 del 9 al 13 por ciento de intenciones de voto &nbsp; &nbsp; &nbsp; Luiz In\u00e1cio Lula da Silva escribi\u00f3 a mano alzada: \u201cfaltan tres semanas para las elecciones y tenemos una gran misi\u00f3n por delante, es hora de de ir puerta por puerta para defender nuestro proyecto\u201d. A trav\u00e9s de esas pocas l\u00edneas redactadas sobre un papel amarillento en&#8230;<\/p>\n","protected":false},"author":3,"featured_media":33241,"comment_status":"closed","ping_status":"closed","sticky":false,"template":"","format":"standard","meta":[],"categories":[4],"tags":[],"_links":{"self":[{"href":"https:\/\/www.actualidadadiario.com\/index.php\/wp-json\/wp\/v2\/posts\/33240"}],"collection":[{"href":"https:\/\/www.actualidadadiario.com\/index.php\/wp-json\/wp\/v2\/posts"}],"about":[{"href":"https:\/\/www.actualidadadiario.com\/index.php\/wp-json\/wp\/v2\/types\/post"}],"author":[{"embeddable":true,"href":"https:\/\/www.actualidadadiario.com\/index.php\/wp-json\/wp\/v2\/users\/3"}],"replies":[{"embeddable":true,"href":"https:\/\/www.actualidadadiario.com\/index.php\/wp-json\/wp\/v2\/comments?post=33240"}],"version-history":[{"count":1,"href":"https:\/\/www.actualidadadiario.com\/index.php\/wp-json\/wp\/v2\/posts\/33240\/revisions"}],"predecessor-version":[{"id":33242,"href":"https:\/\/www.actualidadadiario.com\/index.php\/wp-json\/wp\/v2\/posts\/33240\/revisions\/33242"}],"wp:featuredmedia":[{"embeddable":true,"href":"https:\/\/www.actualidadadiario.com\/index.php\/wp-json\/wp\/v2\/media\/33241"}],"wp:attachment":[{"href":"https:\/\/www.actualidadadiario.com\/index.php\/wp-json\/wp\/v2\/media?parent=33240"}],"wp:term":[{"taxonomy":"category","embeddable":true,"href":"https:\/\/www.actualidadadiario.com\/index.php\/wp-json\/wp\/v2\/categories?post=33240"},{"taxonomy":"post_tag","embeddable":true,"href":"https:\/\/www.actualidadadiario.com\/index.php\/wp-json\/wp\/v2\/tags?post=33240"}],"curies":[{"name":"wp","href":"https:\/\/api.w.org\/{rel}","templated":true}]}}