{"id":33234,"date":"2018-09-17T10:42:03","date_gmt":"2018-09-17T13:42:03","guid":{"rendered":"https:\/\/www.actualidadadiario.com\/?p=33234"},"modified":"2018-11-06T19:37:42","modified_gmt":"2018-11-06T22:37:42","slug":"pepe-mujica-aliviado-la-crisis-argentina-no-ira-mas-alla-de-las-fronteras","status":"publish","type":"post","link":"https:\/\/www.actualidadadiario.com\/index.php\/2018\/09\/17\/pepe-mujica-aliviado-la-crisis-argentina-no-ira-mas-alla-de-las-fronteras\/","title":{"rendered":"Pepe Mujica, aliviado: la crisis argentina &#8220;no ir\u00e1 m\u00e1s all\u00e1 de las fronteras&#8221;"},"content":{"rendered":"<p><em><b>El ex presidente\u00a0uruguayo reconoci\u00f3, sin embargo, que &#8220;la crisis va a repercutir en menos turismo, que es un factor importante&#8221; para Uruguay<\/b><\/em><\/p>\n<p>&nbsp;<\/p>\n<p>&nbsp;<\/p>\n<p>&nbsp;<\/p>\n<p>&nbsp;<\/p>\n<p>El expresidente uruguayo Jos\u00e9 &#8220;Pepe&#8221; Mujica dijo estar preocupado por la &#8220;tormenta&#8221; financiera que azota estos d\u00edas nuestro pa\u00eds pero sostuvo que esta no ir\u00e1 &#8220;m\u00e1s all\u00e1 de fronteras&#8221; ni afectar\u00e1 a Uruguay, que &#8220;tiene un margen de seguridad mayor&#8221;. &#8220;No creo que la crisis argentina vaya a ir m\u00e1s all\u00e1 de las fronteras, porque Uruguay ya no est\u00e1 conectado al sistema financiero de dicho pa\u00eds, por lo que tiene un margen de seguridad mayor; entonces no creo en un descalabro financiero, en una corrida bancaria, ni en un corralito&#8221;, dijo el exmandatario en una entrevista a la agencia rusa Sputnik.<\/p>\n<p>&nbsp;<\/p>\n<p>Mujica reconoci\u00f3, sin embargo, que &#8220;la Argentina en crisis va a repercutir en menos turismo, que es un factor importante&#8221; para Uruguay. El exmandatario dijo que su pa\u00eds &#8220;est\u00e1 mucho mejor que en el 2002&#8221; porque tiene reservas y un sistema bancario &#8220;altamente controlado y regulado&#8221;. &#8220;Ya no somos aquel sistema bancario que estaba dedicado a que viniera plata de Brasil y Argentina y en el que nunca se pensaba en la transparencia&#8221;, afirm\u00f3.<\/p>\n<p>&nbsp;<\/p>\n<p>Sin embargo, Mujica dijo que igualmente la situaci\u00f3n de Argentina es &#8220;preocupante&#8221;, ya que ese pa\u00eds es uno de los principales compradores de Uruguay, junto a China y Brasil. &#8220;Si est\u00e1n enfermos, hay que pensar que algo va a repercutir en el pa\u00eds, pero eso significar\u00e1 que en lugar de crecer 3 [%], creceremos 2,5 y eso es poco para las necesidades que tiene Uruguay&#8221;, se\u00f1al\u00f3.<\/p>\n","protected":false},"excerpt":{"rendered":"<p>El ex presidente\u00a0uruguayo reconoci\u00f3, sin embargo, que &#8220;la crisis va a repercutir en menos turismo, que es un factor importante&#8221; para Uruguay &nbsp; &nbsp; &nbsp; &nbsp; El expresidente uruguayo Jos\u00e9 &#8220;Pepe&#8221; Mujica dijo estar preocupado por la &#8220;tormenta&#8221; financiera que azota estos d\u00edas nuestro pa\u00eds pero sostuvo que esta no ir\u00e1 &#8220;m\u00e1s all\u00e1 de fronteras&#8221; ni afectar\u00e1 a Uruguay, que &#8220;tiene un margen de seguridad mayor&#8221;. &#8220;No creo que la crisis argentina vaya a ir m\u00e1s all\u00e1 de las fronteras, porque Uruguay ya no est\u00e1 conectado al sistema financiero de&#8230;<\/p>\n","protected":false},"author":3,"featured_media":33235,"comment_status":"closed","ping_status":"closed","sticky":false,"template":"","format":"standard","meta":[],"categories":[4],"tags":[],"_links":{"self":[{"href":"https:\/\/www.actualidadadiario.com\/index.php\/wp-json\/wp\/v2\/posts\/33234"}],"collection":[{"href":"https:\/\/www.actualidadadiario.com\/index.php\/wp-json\/wp\/v2\/posts"}],"about":[{"href":"https:\/\/www.actualidadadiario.com\/index.php\/wp-json\/wp\/v2\/types\/post"}],"author":[{"embeddable":true,"href":"https:\/\/www.actualidadadiario.com\/index.php\/wp-json\/wp\/v2\/users\/3"}],"replies":[{"embeddable":true,"href":"https:\/\/www.actualidadadiario.com\/index.php\/wp-json\/wp\/v2\/comments?post=33234"}],"version-history":[{"count":1,"href":"https:\/\/www.actualidadadiario.com\/index.php\/wp-json\/wp\/v2\/posts\/33234\/revisions"}],"predecessor-version":[{"id":33236,"href":"https:\/\/www.actualidadadiario.com\/index.php\/wp-json\/wp\/v2\/posts\/33234\/revisions\/33236"}],"wp:featuredmedia":[{"embeddable":true,"href":"https:\/\/www.actualidadadiario.com\/index.php\/wp-json\/wp\/v2\/media\/33235"}],"wp:attachment":[{"href":"https:\/\/www.actualidadadiario.com\/index.php\/wp-json\/wp\/v2\/media?parent=33234"}],"wp:term":[{"taxonomy":"category","embeddable":true,"href":"https:\/\/www.actualidadadiario.com\/index.php\/wp-json\/wp\/v2\/categories?post=33234"},{"taxonomy":"post_tag","embeddable":true,"href":"https:\/\/www.actualidadadiario.com\/index.php\/wp-json\/wp\/v2\/tags?post=33234"}],"curies":[{"name":"wp","href":"https:\/\/api.w.org\/{rel}","templated":true}]}}