{"id":33226,"date":"2018-09-17T10:39:53","date_gmt":"2018-09-17T13:39:53","guid":{"rendered":"https:\/\/www.actualidadadiario.com\/?p=33226"},"modified":"2018-11-06T19:37:42","modified_gmt":"2018-11-06T22:37:42","slug":"se-oficializo-la-designacion-de-carlos-rosenkrantz-como-presidente-de-la-corte-suprema-de-justicia","status":"publish","type":"post","link":"https:\/\/www.actualidadadiario.com\/index.php\/2018\/09\/17\/se-oficializo-la-designacion-de-carlos-rosenkrantz-como-presidente-de-la-corte-suprema-de-justicia\/","title":{"rendered":"Se oficializ\u00f3 la designaci\u00f3n de Carlos Rosenkrantz como presidente de la Corte Suprema de Justicia"},"content":{"rendered":"<p><em><strong>Ante la renuncia de la actual autoridad, Ricardo Lorenzetti, el organismo debi\u00f3 acordar los nuevos nombramientos. Elena Highton de Nolasco ser\u00e1 la nueva Vicepresidente<\/strong><\/em><\/p>\n<p>&nbsp;<\/p>\n<p>&nbsp;<\/p>\n<p>&nbsp;<\/p>\n<p>&nbsp;<\/p>\n<p>Ante la renuncia del actual presidente de la Corte Suprema de Justicia, Ricardo Lorenzetti, el organismo comenz\u00f3 el proceso de acuerdo para suplir ese cargo. De esta manera, se determin\u00f3 que sea Carlos Fernando Rosenkrantz quien ejerza como nuevo Presidente de la Corte, a partir del primero de octubre de 2018.<\/p>\n<p>&nbsp;<\/p>\n<p>De esta manera, seg\u00fan lo publicado en el Bolet\u00edn Oficial, la Corte decidi\u00f3 designar en los t\u00e9rminos del art\u00edculo 79 del Reglamento para la Justicia Nacional Presidente y Vicepresidenta de la Corte Suprema de Justicia de la Naci\u00f3n, con mandato a partir del d\u00eda 1 de octubre del corriente a\u00f1o y por el plazo de tres a\u00f1os, el que expirar\u00e1 el 30 de septiembre de 2021, al doctor Carlos Fernando Rosenkrantz y a la doctora Elena Highton de Nolasco, respectivamente.<\/p>\n<p>&nbsp;<\/p>\n<p>Teniendo en cuenta la Acordada N\u00b0 11\/15, el mandato de las actuales autoridades vencer\u00eda el 31 de diciembre del corriente a\u00f1o. No obstante ello, seg\u00fan la Corte: &#8220;Es aconsejable excepcionar en este caso lo dispuesto por dicho Reglamento de tal modo que las nuevas autoridades comiencen su mandato de 3 a\u00f1os a partir del 1 de octubre\u201d.<\/p>\n<p>&nbsp;<\/p>\n<p>Asimismo, seg\u00fan la Acordada 29\/2018, previo intercambio de ideas consignaron su voto de este modo: el doctor Carlos Fernando Rosenkrantz propone a la doctora Elena Highton de Nolasco como Vicepresidenta. La doctora Elena Highton de Nolasco propone al doctor Carlos Fernando Rosenkrantz como Presidente. El doctor Carlos Fernando Rosenkrantz adhiere a la propuesta efectuada por la doctora Elena Highton de Nolasco y la doctora Elena Highton de Nolasco adhiere a la propuesta efectuada por el doctor Carlos Fernando Rosenkrantz. El doctor Horacio Rosatti y el doctor Ricardo Lorenzetti adhieren a la propuesta efectuada por el doctor Carlos Fernando Rosenkrantz y a la propuesta efectuada por la doctora Elena Highton de Nolasco.<\/p>\n<p>&nbsp;<\/p>\n<p>En tanto, Lorenzetti abandona su cargo como presidente de la Corte Suprema de Justicia, ya que perdi\u00f3 el apoyo de sus colegas, en una votaci\u00f3n cerrada en la que s\u00f3lo consigui\u00f3 el voto de Juan Carlos Maqueda. De esta manera, el organismo oficializ\u00f3 el nombramiento de Carlos Fernando Rosenkrantz y de Elena Highton de Nolasco, como las nuevas autoridades.<\/p>\n","protected":false},"excerpt":{"rendered":"<p>Ante la renuncia de la actual autoridad, Ricardo Lorenzetti, el organismo debi\u00f3 acordar los nuevos nombramientos. Elena Highton de Nolasco ser\u00e1 la nueva Vicepresidente &nbsp; &nbsp; &nbsp; &nbsp; Ante la renuncia del actual presidente de la Corte Suprema de Justicia, Ricardo Lorenzetti, el organismo comenz\u00f3 el proceso de acuerdo para suplir ese cargo. De esta manera, se determin\u00f3 que sea Carlos Fernando Rosenkrantz quien ejerza como nuevo Presidente de la Corte, a partir del primero de octubre de 2018. &nbsp; De esta manera, seg\u00fan lo publicado en el Bolet\u00edn Oficial,&#8230;<\/p>\n","protected":false},"author":3,"featured_media":32984,"comment_status":"closed","ping_status":"closed","sticky":false,"template":"","format":"standard","meta":[],"categories":[18],"tags":[],"_links":{"self":[{"href":"https:\/\/www.actualidadadiario.com\/index.php\/wp-json\/wp\/v2\/posts\/33226"}],"collection":[{"href":"https:\/\/www.actualidadadiario.com\/index.php\/wp-json\/wp\/v2\/posts"}],"about":[{"href":"https:\/\/www.actualidadadiario.com\/index.php\/wp-json\/wp\/v2\/types\/post"}],"author":[{"embeddable":true,"href":"https:\/\/www.actualidadadiario.com\/index.php\/wp-json\/wp\/v2\/users\/3"}],"replies":[{"embeddable":true,"href":"https:\/\/www.actualidadadiario.com\/index.php\/wp-json\/wp\/v2\/comments?post=33226"}],"version-history":[{"count":1,"href":"https:\/\/www.actualidadadiario.com\/index.php\/wp-json\/wp\/v2\/posts\/33226\/revisions"}],"predecessor-version":[{"id":33227,"href":"https:\/\/www.actualidadadiario.com\/index.php\/wp-json\/wp\/v2\/posts\/33226\/revisions\/33227"}],"wp:featuredmedia":[{"embeddable":true,"href":"https:\/\/www.actualidadadiario.com\/index.php\/wp-json\/wp\/v2\/media\/32984"}],"wp:attachment":[{"href":"https:\/\/www.actualidadadiario.com\/index.php\/wp-json\/wp\/v2\/media?parent=33226"}],"wp:term":[{"taxonomy":"category","embeddable":true,"href":"https:\/\/www.actualidadadiario.com\/index.php\/wp-json\/wp\/v2\/categories?post=33226"},{"taxonomy":"post_tag","embeddable":true,"href":"https:\/\/www.actualidadadiario.com\/index.php\/wp-json\/wp\/v2\/tags?post=33226"}],"curies":[{"name":"wp","href":"https:\/\/api.w.org\/{rel}","templated":true}]}}