{"id":33223,"date":"2018-09-17T10:39:04","date_gmt":"2018-09-17T13:39:04","guid":{"rendered":"https:\/\/www.actualidadadiario.com\/?p=33223"},"modified":"2018-11-06T19:37:42","modified_gmt":"2018-11-06T22:37:42","slug":"la-ley-de-presupuesto-desembarca-en-diputados-y-el-jueves-se-trata-en-comision","status":"publish","type":"post","link":"https:\/\/www.actualidadadiario.com\/index.php\/2018\/09\/17\/la-ley-de-presupuesto-desembarca-en-diputados-y-el-jueves-se-trata-en-comision\/","title":{"rendered":"La Ley de Presupuesto desembarca en Diputados y el jueves se trata en comisi\u00f3n"},"content":{"rendered":"<p><em><strong>Tiene respaldo de una parte de los gobernadores, pero a\u00fan hay resistencia<\/strong><\/em><\/p>\n<p>&nbsp;<\/p>\n<p>&nbsp;<\/p>\n<p>&nbsp;<\/p>\n<p>&nbsp;<\/p>\n<p>Con el aval de parte de los gobernadores peronistas, el ministro de Hacienda, Nicol\u00e1s Dujovne, presentar\u00e1 hoy en el Congreso el Presupuesto 2019, que implicar\u00e1 un ajuste del gasto p\u00fablico de al menos $300.000 millones. Si bien no se logr\u00f3 cerrar un acuerdo con la totalidad de las provincias sobre la letra chica del proyecto, que apuesta a alcanzar el d\u00e9ficit cero, las negociaciones continuar\u00e1n en el \u00e1mbito parlamentario en las pr\u00f3ximas semanas.<\/p>\n<p>&nbsp;<\/p>\n<p>Desde la Casa Rosada mantuvieron conversaciones bilaterales con los mandatarios provinciales hasta \u00faltima hora de ayer para asegurarse que la &#8220;Ley de leyes&#8221; llegue a la c\u00e1mara de Diputados con el mayor consenso posible. Luego de la presentaci\u00f3n de este mediod\u00eda, Dujovne volver\u00e1 el jueves para brindar mayores detalles a los diputados de la Comisi\u00f3n de Presupuesto, que encabeza el legislador de PRO Luciano Laspina.<\/p>\n<p>&nbsp;<\/p>\n<p>Para dar cuanto antes una se\u00f1al pol\u00edtica al Fondo Monetario Internacional (FMI), desde el oficialismo intentar\u00e1 tratar el Presupuesto de manera &#8220;express&#8221; y se ilusionan con tenerlo aprobado para mediados de octubre. Para eso ya comenzaron los primeros acercamientos con el peronismo al que en la alianza Cambiemos denominan como &#8220;racional&#8221;. Dan como descontado que los legisladores de Salta, C\u00f3rdoba, Entre R\u00edos, Neuqu\u00e9n y La Rioja acompa\u00f1ar\u00e1n.<\/p>\n<p>&nbsp;<\/p>\n<p>Aunque no descartan tener que recurrir al Frente Renovador para conseguir los votos para reunir la mayor\u00eda, desde el bloque oficialista pondr\u00e1n todos sus esfuerzos en llegar al n\u00famero necesario con los integrantes de la bancada Justicialista, que conduce Pablo Kosiner, y otros diputados que responden a los gobernadores.<\/p>\n<p>&nbsp;<\/p>\n<p>Hasta el momento, el Poder Ejecutivo nacional consigui\u00f3 acordar con los mandatarios provinciales algunos lineamientos generales, como el traspaso de los subsidios al transporte de pasajeros y la eliminaci\u00f3n del Fondo Federal Solidario (FOFESO), sin embargo todav\u00eda quedaban dudas, por un lado, sobre c\u00f3mo las provincias afrontar\u00e1n los costos del servicios de trenes y colectivos para mantener el precio del boleto y, por otro, c\u00f3mo continuar\u00e1n con las obras que antes se financiaban con el Fondo Sojero.<\/p>\n<p>&nbsp;<\/p>\n<p>En los borradores que el ministro del Interior, Rogelio Frigerio, hizo llegar la semana pasada a los gobernadores los n\u00fameros macroecon\u00f3micos que figurar\u00e1n en el proyecto oficial est\u00e1n lejos de ser alentadores: proyectan un d\u00f3lar a $42, una inflaci\u00f3n de 23% y una actividad econ\u00f3mica del cero por ciento.<\/p>\n<p>&nbsp;<\/p>\n<p>En simult\u00e1neo, desde Balcarce 50 siguen las negociaciones con los jefes provinciales para la firma de la adenda al Consenso Fiscal, aprobado en 2017. Seg\u00fan fuentes gubernamentales, entre esta semana y la pr\u00f3xima, enviar\u00e1n al Senado el texto que incluye cambios en el pago de Ganancias y Bienes Personales y suspende la rebaja del impuesto a los Sellos.<\/p>\n","protected":false},"excerpt":{"rendered":"<p>Tiene respaldo de una parte de los gobernadores, pero a\u00fan hay resistencia &nbsp; &nbsp; &nbsp; &nbsp; Con el aval de parte de los gobernadores peronistas, el ministro de Hacienda, Nicol\u00e1s Dujovne, presentar\u00e1 hoy en el Congreso el Presupuesto 2019, que implicar\u00e1 un ajuste del gasto p\u00fablico de al menos $300.000 millones. Si bien no se logr\u00f3 cerrar un acuerdo con la totalidad de las provincias sobre la letra chica del proyecto, que apuesta a alcanzar el d\u00e9ficit cero, las negociaciones continuar\u00e1n en el \u00e1mbito parlamentario en las pr\u00f3ximas semanas. &nbsp;&#8230;<\/p>\n","protected":false},"author":3,"featured_media":33224,"comment_status":"closed","ping_status":"closed","sticky":false,"template":"","format":"standard","meta":[],"categories":[18],"tags":[],"_links":{"self":[{"href":"https:\/\/www.actualidadadiario.com\/index.php\/wp-json\/wp\/v2\/posts\/33223"}],"collection":[{"href":"https:\/\/www.actualidadadiario.com\/index.php\/wp-json\/wp\/v2\/posts"}],"about":[{"href":"https:\/\/www.actualidadadiario.com\/index.php\/wp-json\/wp\/v2\/types\/post"}],"author":[{"embeddable":true,"href":"https:\/\/www.actualidadadiario.com\/index.php\/wp-json\/wp\/v2\/users\/3"}],"replies":[{"embeddable":true,"href":"https:\/\/www.actualidadadiario.com\/index.php\/wp-json\/wp\/v2\/comments?post=33223"}],"version-history":[{"count":1,"href":"https:\/\/www.actualidadadiario.com\/index.php\/wp-json\/wp\/v2\/posts\/33223\/revisions"}],"predecessor-version":[{"id":33225,"href":"https:\/\/www.actualidadadiario.com\/index.php\/wp-json\/wp\/v2\/posts\/33223\/revisions\/33225"}],"wp:featuredmedia":[{"embeddable":true,"href":"https:\/\/www.actualidadadiario.com\/index.php\/wp-json\/wp\/v2\/media\/33224"}],"wp:attachment":[{"href":"https:\/\/www.actualidadadiario.com\/index.php\/wp-json\/wp\/v2\/media?parent=33223"}],"wp:term":[{"taxonomy":"category","embeddable":true,"href":"https:\/\/www.actualidadadiario.com\/index.php\/wp-json\/wp\/v2\/categories?post=33223"},{"taxonomy":"post_tag","embeddable":true,"href":"https:\/\/www.actualidadadiario.com\/index.php\/wp-json\/wp\/v2\/tags?post=33223"}],"curies":[{"name":"wp","href":"https:\/\/api.w.org\/{rel}","templated":true}]}}