{"id":33216,"date":"2018-09-17T10:37:33","date_gmt":"2018-09-17T13:37:33","guid":{"rendered":"https:\/\/www.actualidadadiario.com\/?p=33216"},"modified":"2018-11-06T19:37:42","modified_gmt":"2018-11-06T22:37:42","slug":"los-restos-de-jose-manuel-de-la-sota-seran-sepultados-al-mediodia","status":"publish","type":"post","link":"https:\/\/www.actualidadadiario.com\/index.php\/2018\/09\/17\/los-restos-de-jose-manuel-de-la-sota-seran-sepultados-al-mediodia\/","title":{"rendered":"Los restos de Jos\u00e9 Manuel de la Sota ser\u00e1n sepultados al mediod\u00eda"},"content":{"rendered":"<p><em><b>El gobierno cordob\u00e9s decret\u00f3 5 d\u00edas de duelo. Este lunes, el cuerpo del ex gobernador\u00a0peronista ser\u00e1 llevado hasta el mausoleo familiar<\/b><\/em><\/p>\n<p>&nbsp;<\/p>\n<p>&nbsp;<\/p>\n<p>&nbsp;<\/p>\n<p>Los restos del exgobernador de C\u00f3rdoba, Jos\u00e9 Manuel de la Sota, fallecido el s\u00e1bado por la noche en accidente automovil\u00edstico, fueron velados hasta las 21 de este domingo en el Centro C\u00edvico del Bicentenario de la capital provincial. Este lunes volver\u00e1n a abrirse las puertas del lugar a las 9 de la ma\u00f1ana para que, durante dos horas, ciudadanos, pol\u00edticos y personalidades provinciales puedan dar el \u00faltimo adi\u00f3s al l\u00edder peronista muerto a los 68 a\u00f1os.<\/p>\n<p>&nbsp;<\/p>\n<p>A las 11 de la ma\u00f1ana, el f\u00e9retro del exgobernador ser\u00e1 trasladado hacia el lugar de su sepultura, el pante\u00f3n que la familia De la Sota posee en el cementerio San Jer\u00f3nimo, ubicado en el barrio Alto Alberdi de C\u00f3rdoba Capital. El Gobierno de la provincia, a trav\u00e9s del decreto N\u00b0 1500, dispuso un duelo simb\u00f3lico durante cinco d\u00edas durante los cuales las banderas ondear\u00e1n a media asta en todos los edificios p\u00fablicos. Los organismos estatales y escuelas de la provincia, sin embargo, cumplir\u00e1n normalmente con sus actividades.<\/p>\n<p>&nbsp;<\/p>\n<p>El que fuera tres veces gobernador provincial, figura central en la pol\u00edtica cordobesa desde el retorno de la democracia en 1983, fue despedido a lo largo del domingo por autoridades pol\u00edticas y religiosas, familiares, amigos, personalidades de otros \u00e1mbitos, y ciudadanos en general. El gobernador cordob\u00e9s, Juan Schiaretti, presidi\u00f3 el duelo y coloc\u00f3 la banda y bast\u00f3n de Gobernador sobre el ata\u00fad del pol\u00edtico fallecido.<\/p>\n<p>&nbsp;<\/p>\n<p>De la Sota viajaba el s\u00e1bado a la noche en su camioneta, Volvo XC60, desde R\u00edo Cuarto hacia la ciudad de C\u00f3rdoba cuando el veh\u00edculo colision\u00f3 con un cami\u00f3n. El impacto, seg\u00fan fuentes policiales, le provoc\u00f3 la muerte al instante a quien en los \u00faltimos d\u00edas se hab\u00eda mostrado dispuesto a postularse como candidato a las presidenciales de 2019. La primera autopsia que se le realiz\u00f3 al cuerpo confirm\u00f3 que el dirigente peronista falleci\u00f3 a ra\u00edz de &#8220;un grave traumatismo de cr\u00e1neo, compatible con el manejo a alta velocidad de su veh\u00edculo&#8221; que le provoc\u00f3 la &#8220;muerte de manera instant\u00e1nea&#8221;.<\/p>\n","protected":false},"excerpt":{"rendered":"<p>El gobierno cordob\u00e9s decret\u00f3 5 d\u00edas de duelo. Este lunes, el cuerpo del ex gobernador\u00a0peronista ser\u00e1 llevado hasta el mausoleo familiar &nbsp; &nbsp; &nbsp; Los restos del exgobernador de C\u00f3rdoba, Jos\u00e9 Manuel de la Sota, fallecido el s\u00e1bado por la noche en accidente automovil\u00edstico, fueron velados hasta las 21 de este domingo en el Centro C\u00edvico del Bicentenario de la capital provincial. Este lunes volver\u00e1n a abrirse las puertas del lugar a las 9 de la ma\u00f1ana para que, durante dos horas, ciudadanos, pol\u00edticos y personalidades provinciales puedan dar el&#8230;<\/p>\n","protected":false},"author":3,"featured_media":33217,"comment_status":"closed","ping_status":"closed","sticky":false,"template":"","format":"standard","meta":[],"categories":[18],"tags":[],"_links":{"self":[{"href":"https:\/\/www.actualidadadiario.com\/index.php\/wp-json\/wp\/v2\/posts\/33216"}],"collection":[{"href":"https:\/\/www.actualidadadiario.com\/index.php\/wp-json\/wp\/v2\/posts"}],"about":[{"href":"https:\/\/www.actualidadadiario.com\/index.php\/wp-json\/wp\/v2\/types\/post"}],"author":[{"embeddable":true,"href":"https:\/\/www.actualidadadiario.com\/index.php\/wp-json\/wp\/v2\/users\/3"}],"replies":[{"embeddable":true,"href":"https:\/\/www.actualidadadiario.com\/index.php\/wp-json\/wp\/v2\/comments?post=33216"}],"version-history":[{"count":2,"href":"https:\/\/www.actualidadadiario.com\/index.php\/wp-json\/wp\/v2\/posts\/33216\/revisions"}],"predecessor-version":[{"id":33219,"href":"https:\/\/www.actualidadadiario.com\/index.php\/wp-json\/wp\/v2\/posts\/33216\/revisions\/33219"}],"wp:featuredmedia":[{"embeddable":true,"href":"https:\/\/www.actualidadadiario.com\/index.php\/wp-json\/wp\/v2\/media\/33217"}],"wp:attachment":[{"href":"https:\/\/www.actualidadadiario.com\/index.php\/wp-json\/wp\/v2\/media?parent=33216"}],"wp:term":[{"taxonomy":"category","embeddable":true,"href":"https:\/\/www.actualidadadiario.com\/index.php\/wp-json\/wp\/v2\/categories?post=33216"},{"taxonomy":"post_tag","embeddable":true,"href":"https:\/\/www.actualidadadiario.com\/index.php\/wp-json\/wp\/v2\/tags?post=33216"}],"curies":[{"name":"wp","href":"https:\/\/api.w.org\/{rel}","templated":true}]}}