{"id":33213,"date":"2018-09-17T10:36:48","date_gmt":"2018-09-17T13:36:48","guid":{"rendered":"https:\/\/www.actualidadadiario.com\/?p=33213"},"modified":"2018-11-06T19:37:42","modified_gmt":"2018-11-06T22:37:42","slug":"no-hay-ninguna-senal-de-que-a-este-gobierno-no-le-interesa-la-salud-publica","status":"publish","type":"post","link":"https:\/\/www.actualidadadiario.com\/index.php\/2018\/09\/17\/no-hay-ninguna-senal-de-que-a-este-gobierno-no-le-interesa-la-salud-publica\/","title":{"rendered":"&#8220;No hay ninguna se\u00f1al de que a este Gobierno no le interesa la salud p\u00fablica&#8221;"},"content":{"rendered":"<p><em><strong>As\u00ed lo se\u00f1al\u00f3 el ex ministro con nuevo rango de secretario luego de que el presidente Mauricio Macri reorganizara las jerarqu\u00edas ministeriales<\/strong><\/em><\/p>\n<p>&nbsp;<\/p>\n<p>&nbsp;<\/p>\n<p>&nbsp;<\/p>\n<p>&nbsp;<\/p>\n<p>El ex ministro de Salud con nuevo rango de secretario, Adolfo Rubinstein, afirm\u00f3 que &#8220;no hubo ning\u00fan cambio&#8221; luego de que el presidente Mauricio Macri reorganizara las jerarqu\u00edas ministeriales y aclar\u00f3 que &#8220;si hubiera una reducci\u00f3n&#8221; no se quedar\u00eda.<\/p>\n<p>&nbsp;<\/p>\n<p>&#8220;Yo me quedo porque no hay ninguna se\u00f1al, m\u00e1s all\u00e1 de la cuesti\u00f3n pol\u00edtica, que implique que a este gobierno no le interesa la salud p\u00fablica&#8221;, remarc\u00f3 Rubinstein en una entrevista con el diario Perfil. El secretario de Salud form\u00f3 parte ayer del timbreo que organiz\u00f3 Cambiemos en la provincia de Buenos Aires y estuvo en la localidad de Almirante Brown acompa\u00f1ando al concejal Carlos Regazzoni.<\/p>\n<p>&nbsp;<\/p>\n<p>El funcionario agreg\u00f3 que con la ministra de Desarrollo Social, de quien depende ahora su cartera, tiene &#8220;una muy buena relaci\u00f3n&#8221; porque ya ven\u00edan &#8220;trabajando en muchos programas conjuntos&#8221;. &#8220;Como secretario de Gobierno tengo las mismas funciones y atribuciones que un ministro. Las partidas presupuestarias, todo lo que tiene que ver con la implementaci\u00f3n de los programas y las pol\u00edticas sigue siendo la misma&#8221;, asegur\u00f3.<\/p>\n<p>&nbsp;<\/p>\n<p>Frente al faltante de la vacuna contra el meningococo de los 11 a\u00f1os, Rubinstein explic\u00f3 que &#8220;son cuatro dosis, tres antes de los 15 meses y una dosis de refuerzo a los 11 a\u00f1os&#8221; y agreg\u00f3 que &#8220;el grupo de riesgo son los chiquitos y es ah\u00ed donde hay que vacunar&#8221;.<\/p>\n<p>&nbsp;<\/p>\n<p>En este sentido, se\u00f1al\u00f3 que la secretar\u00eda decidi\u00f3 concentrarse &#8220;en la poblaci\u00f3n de riesgo&#8221; hasta que se recupere el stock, que calcul\u00f3 que &#8220;ser\u00e1 antes de fin de a\u00f1o&#8221;. Rubinstein resalt\u00f3 que &#8220;todas las vacunas e insumos cr\u00edticos, incluyendo antirretrovirales, est\u00e1n entreg\u00e1ndose normalmente y est\u00e1 garantizada la provisi\u00f3n&#8221;.<\/p>\n<p>&nbsp;<\/p>\n<p>&#8220;S\u00e9 que ha habido un revulsivo social con esto. Las sociedades cient\u00edficas, las sociedades profesionales, el mismo sector se moviliz\u00f3. Si hubiera una desjerarquizaci\u00f3n, si hubiera un reducci\u00f3n presupuestaria, si hubiera una falta de priorizaci\u00f3n de la salud p\u00fablica, yo no me quedar\u00eda en el cargo&#8221;, sostuvo.<\/p>\n","protected":false},"excerpt":{"rendered":"<p>As\u00ed lo se\u00f1al\u00f3 el ex ministro con nuevo rango de secretario luego de que el presidente Mauricio Macri reorganizara las jerarqu\u00edas ministeriales &nbsp; &nbsp; &nbsp; &nbsp; El ex ministro de Salud con nuevo rango de secretario, Adolfo Rubinstein, afirm\u00f3 que &#8220;no hubo ning\u00fan cambio&#8221; luego de que el presidente Mauricio Macri reorganizara las jerarqu\u00edas ministeriales y aclar\u00f3 que &#8220;si hubiera una reducci\u00f3n&#8221; no se quedar\u00eda. &nbsp; &#8220;Yo me quedo porque no hay ninguna se\u00f1al, m\u00e1s all\u00e1 de la cuesti\u00f3n pol\u00edtica, que implique que a este gobierno no le interesa la&#8230;<\/p>\n","protected":false},"author":3,"featured_media":33214,"comment_status":"closed","ping_status":"closed","sticky":false,"template":"","format":"standard","meta":[],"categories":[18],"tags":[],"_links":{"self":[{"href":"https:\/\/www.actualidadadiario.com\/index.php\/wp-json\/wp\/v2\/posts\/33213"}],"collection":[{"href":"https:\/\/www.actualidadadiario.com\/index.php\/wp-json\/wp\/v2\/posts"}],"about":[{"href":"https:\/\/www.actualidadadiario.com\/index.php\/wp-json\/wp\/v2\/types\/post"}],"author":[{"embeddable":true,"href":"https:\/\/www.actualidadadiario.com\/index.php\/wp-json\/wp\/v2\/users\/3"}],"replies":[{"embeddable":true,"href":"https:\/\/www.actualidadadiario.com\/index.php\/wp-json\/wp\/v2\/comments?post=33213"}],"version-history":[{"count":1,"href":"https:\/\/www.actualidadadiario.com\/index.php\/wp-json\/wp\/v2\/posts\/33213\/revisions"}],"predecessor-version":[{"id":33215,"href":"https:\/\/www.actualidadadiario.com\/index.php\/wp-json\/wp\/v2\/posts\/33213\/revisions\/33215"}],"wp:featuredmedia":[{"embeddable":true,"href":"https:\/\/www.actualidadadiario.com\/index.php\/wp-json\/wp\/v2\/media\/33214"}],"wp:attachment":[{"href":"https:\/\/www.actualidadadiario.com\/index.php\/wp-json\/wp\/v2\/media?parent=33213"}],"wp:term":[{"taxonomy":"category","embeddable":true,"href":"https:\/\/www.actualidadadiario.com\/index.php\/wp-json\/wp\/v2\/categories?post=33213"},{"taxonomy":"post_tag","embeddable":true,"href":"https:\/\/www.actualidadadiario.com\/index.php\/wp-json\/wp\/v2\/tags?post=33213"}],"curies":[{"name":"wp","href":"https:\/\/api.w.org\/{rel}","templated":true}]}}