{"id":33210,"date":"2018-09-17T10:36:11","date_gmt":"2018-09-17T13:36:11","guid":{"rendered":"https:\/\/www.actualidadadiario.com\/?p=33210"},"modified":"2018-11-06T19:37:42","modified_gmt":"2018-11-06T22:37:42","slug":"la-inflacion-es-el-peor-impuesto-para-las-familias-vulnerables","status":"publish","type":"post","link":"https:\/\/www.actualidadadiario.com\/index.php\/2018\/09\/17\/la-inflacion-es-el-peor-impuesto-para-las-familias-vulnerables\/","title":{"rendered":"&#8220;La inflaci\u00f3n es el peor impuesto para las familias vulnerables&#8221;"},"content":{"rendered":"<p><em><strong>La ministra de Desarrollo Social, Carolina Stanley, admiti\u00f3 que &#8220;es m\u00e1s alta de lo esperado&#8221;. Y asegur\u00f3 que el Gobierno tom\u00f3 &#8220;medidas para solucionarlo&#8221;<\/strong><\/em><\/p>\n<p>&nbsp;<\/p>\n<p>&nbsp;<\/p>\n<p>&nbsp;<\/p>\n<p>&nbsp;<\/p>\n<p>La ministra de Desarrollo Social, Carolina Stanley, reconoci\u00f3 este domingo que &#8220;la inflaci\u00f3n m\u00e1s alta de lo esperado es el peor impuesto para las familias vulnerables&#8221;, pero asegur\u00f3 que el Gobierno tom\u00f3 &#8220;medidas para solucionarlo&#8221;.<\/p>\n<p>&nbsp;<\/p>\n<p>La funcionaria celebr\u00f3 la cantidad de partida presupuestaria que tiene el Ejecutivo para programas sociales y resalt\u00f3 que el ingreso de las personas &#8220;no es lo \u00fanico que tiene que ver con la pobreza estructural&#8221;.<\/p>\n<p>&nbsp;<\/p>\n<p>&#8220;Cambiamos realidades muy concretas. Hemos transformado muchos barrios populares que ahora tienen cloacas, que tienen asfalto y en los que ahora hay transporte p\u00fablico. Son familias que han mejorado su calidad de vida&#8221;, destac\u00f3.<\/p>\n","protected":false},"excerpt":{"rendered":"<p>La ministra de Desarrollo Social, Carolina Stanley, admiti\u00f3 que &#8220;es m\u00e1s alta de lo esperado&#8221;. Y asegur\u00f3 que el Gobierno tom\u00f3 &#8220;medidas para solucionarlo&#8221; &nbsp; &nbsp; &nbsp; &nbsp; La ministra de Desarrollo Social, Carolina Stanley, reconoci\u00f3 este domingo que &#8220;la inflaci\u00f3n m\u00e1s alta de lo esperado es el peor impuesto para las familias vulnerables&#8221;, pero asegur\u00f3 que el Gobierno tom\u00f3 &#8220;medidas para solucionarlo&#8221;. &nbsp; La funcionaria celebr\u00f3 la cantidad de partida presupuestaria que tiene el Ejecutivo para programas sociales y resalt\u00f3 que el ingreso de las personas &#8220;no es lo&#8230;<\/p>\n","protected":false},"author":3,"featured_media":33211,"comment_status":"closed","ping_status":"closed","sticky":false,"template":"","format":"standard","meta":[],"categories":[18],"tags":[],"_links":{"self":[{"href":"https:\/\/www.actualidadadiario.com\/index.php\/wp-json\/wp\/v2\/posts\/33210"}],"collection":[{"href":"https:\/\/www.actualidadadiario.com\/index.php\/wp-json\/wp\/v2\/posts"}],"about":[{"href":"https:\/\/www.actualidadadiario.com\/index.php\/wp-json\/wp\/v2\/types\/post"}],"author":[{"embeddable":true,"href":"https:\/\/www.actualidadadiario.com\/index.php\/wp-json\/wp\/v2\/users\/3"}],"replies":[{"embeddable":true,"href":"https:\/\/www.actualidadadiario.com\/index.php\/wp-json\/wp\/v2\/comments?post=33210"}],"version-history":[{"count":1,"href":"https:\/\/www.actualidadadiario.com\/index.php\/wp-json\/wp\/v2\/posts\/33210\/revisions"}],"predecessor-version":[{"id":33212,"href":"https:\/\/www.actualidadadiario.com\/index.php\/wp-json\/wp\/v2\/posts\/33210\/revisions\/33212"}],"wp:featuredmedia":[{"embeddable":true,"href":"https:\/\/www.actualidadadiario.com\/index.php\/wp-json\/wp\/v2\/media\/33211"}],"wp:attachment":[{"href":"https:\/\/www.actualidadadiario.com\/index.php\/wp-json\/wp\/v2\/media?parent=33210"}],"wp:term":[{"taxonomy":"category","embeddable":true,"href":"https:\/\/www.actualidadadiario.com\/index.php\/wp-json\/wp\/v2\/categories?post=33210"},{"taxonomy":"post_tag","embeddable":true,"href":"https:\/\/www.actualidadadiario.com\/index.php\/wp-json\/wp\/v2\/tags?post=33210"}],"curies":[{"name":"wp","href":"https:\/\/api.w.org\/{rel}","templated":true}]}}