{"id":33207,"date":"2018-09-17T10:35:25","date_gmt":"2018-09-17T13:35:25","guid":{"rendered":"https:\/\/www.actualidadadiario.com\/?p=33207"},"modified":"2018-11-06T19:37:42","modified_gmt":"2018-11-06T22:37:42","slug":"en-solo-dos-meses-el-sector-publico-redujo-10-600-puestos-de-trabajo","status":"publish","type":"post","link":"https:\/\/www.actualidadadiario.com\/index.php\/2018\/09\/17\/en-solo-dos-meses-el-sector-publico-redujo-10-600-puestos-de-trabajo\/","title":{"rendered":"En solo dos meses, el sector p\u00fablico redujo 10.600 puestos de trabajo"},"content":{"rendered":"<p><em><strong>La ca\u00edda del empleo en el sector p\u00fablico encaden\u00f3 dos meses seguidos de declive. Entre mayo y junio se registraron 10.600 asalariados menos, seg\u00fan las estad\u00edsticas que releva peri\u00f3dicamente el Ministerio de Trabajo sobre la base de registros de la AFIP<\/strong><\/em><\/p>\n<p>&nbsp;<\/p>\n<p>&nbsp;<\/p>\n<p>&nbsp;<\/p>\n<p>De acuerdo con las proyecciones oficiales, la tendencia a la baja se extender\u00e1 durante lo que resta de 2018 y 2019 a partir de la determinaci\u00f3n de la Casa Rosada de congelar por dos a\u00f1os los ingresos al Estado y del impacto de la ley de responsabilidad fiscal, que desaceler\u00f3 el ritmo de las incorporaciones en provincias y municipios. Influir\u00e1n tambi\u00e9n de manera directa el ajuste que la Casa Rosada prev\u00e9 en el proyecto de ley del presupuesto y la revisi\u00f3n de gastos que se pact\u00f3 con el Fondo Monetario Internacional.<\/p>\n<p>&nbsp;<\/p>\n<p>La administraci\u00f3n p\u00fablica nacional, el \u00e1mbito en el que el Macri oficia como empleador directo, es el sector que m\u00e1s se redujo. En diciembre de 2015, cuando Cambiemos destron\u00f3 al kirchnerismo, hab\u00eda registrados 240.600 empleados. En julio de este a\u00f1o, esa cifra cay\u00f3 a 206.856, seg\u00fan datos actualizados del Ministerio de Modernizaci\u00f3n. Es decir, se registraron 33.744 desvinculaciones, entre despidos, retiros voluntarios y jubilaciones. Un porcentaje de las bajas se concretaron despu\u00e9s de haberse implementado un sistema de control biom\u00e9trico, que ayud\u00f3 a detectar ausencias injustificadas, entre otras irregularidades, seg\u00fan fuentes oficiales.<\/p>\n<p>&nbsp;<\/p>\n<p>La estad\u00edstica oficial supera incluso un relevamiento del gremio estatal ATE. La seccional de Capital contabiliz\u00f3 25.787 cesant\u00edas desde que Macri es presidente. Las dependencias que m\u00e1s se achicaron, seg\u00fan ATE, fueron el Ministerio de Educaci\u00f3n (3940 bajas); el Congreso Nacional (2035); la Comisi\u00f3n Nacional de Energ\u00eda At\u00f3mica (2000); el Ministerio de Desarrollo Social (1199), y el Ministerio de Cultura (1194).<\/p>\n<p>&nbsp;<\/p>\n<p>El relevamiento que hizo UPCN, el otro gremio estatal, difiere en algunas cifras. Distingue aproximadamente 20.000 bajas, de las cuales la mitad ser\u00edan de planta permanente y la otra mitad, contratos transitorios. Pero advierte de un ingreso de 10.000 empleados &#8220;con sueldos altos&#8221;, por lo que el ahorro de gastos fue &#8220;casi nulo&#8221;.<\/p>\n<p>&nbsp;<\/p>\n<p>&#8220;Desde enero hasta ac\u00e1 hay una suave ca\u00edda del empleo en el sector p\u00fablico. A nivel nacional se percibe desde hace dos a\u00f1os, pero ahora comienza a sentirse en las provincias y en los municipios, donde sigue la tendencia a seguir incrementando la planta, aunque a tasas menores&#8221;, explic\u00f3 Jos\u00e9 Anchorena, director de Estad\u00edsticas del Ministerio de Trabajo.<\/p>\n<p>&nbsp;<\/p>\n<p>Los empleados estatales de las provincias se incrementaron de 1.508.500 a 2.283.895 entre 2005 y diciembre de 2015, seg\u00fan datos de Modernizaci\u00f3n. En junio de 2018 llegaron a ser 2.309.245. Si bien la cifra subi\u00f3, el ritmo de crecimiento se desaceler\u00f3. Ocurri\u00f3 algo similar en los municipios: pasaron de 414.700 empleados en 2005 a 442.560 en diciembre de 2015. Hoy, son 453.799.<\/p>\n<p>&nbsp;<\/p>\n<p>A la luz de las estad\u00edsticas, la Naci\u00f3n es la locomotora del plan de responsabilidad fiscal. Para los gremios tiene una explicaci\u00f3n. &#8220;Los gobernadores son m\u00e1s cautos porque el impacto en las econom\u00edas regionales puede ser tan grande que prefieren evitar una crisis, que ya se est\u00e1 produciendo&#8221;, dijo Daniel Catalano, l\u00edder de ATE Capital.<\/p>\n<p>&nbsp;<\/p>\n<p>&nbsp;<\/p>\n<p><strong>Conflictos <\/strong><\/p>\n<p>El achique del Estado abri\u00f3 conflictos que tienen su correlato casi a diario en protestas callejeras. Los recientes despidos en Agroindustria, en el Hospital Posadas o en la agencia de noticias T\u00e9lam son algunos de los casos que alcanzaron mayor visibilidad. De los gremios estatales, ATE es el hist\u00f3ricamente m\u00e1s combativo y el que puso siempre primero la guardia en alto. UPCN, sin embargo, comenz\u00f3 a activar reclamos en \u00e1reas en las que hasta hace poco reinaba el silencio, como en el Ministerio de Hacienda y la AFIP.<\/p>\n<p>&nbsp;<\/p>\n<p>&#8220;Nos gustar\u00eda articular con UPCN, pero no tuvimos resultados. Para nosotros ning\u00fan despedido es justificado, porque no hubo un \u00e1mbito en el que nos puedan demostrar que la gente que era despedida era porque no trabajaba&#8221;, se diferenci\u00f3 Catalano. Para el jefe porte\u00f1o de ATE, el ajuste &#8220;fue ideol\u00f3gico&#8221;, y acus\u00f3 al Gobierno de &#8220;desmantelar el Estado&#8221; al dar de baja programas como el Plan Qunita, Conectar Igualdad y Progresar.<\/p>\n<p>&nbsp;<\/p>\n<p>Andr\u00e9s Rodr\u00edguez, l\u00edder de UPCN y referente de la CGT, reconoci\u00f3 que la poda fuerte de puestos de trabajo se dio entre 2016 y 2017, y que despu\u00e9s las desvinculaciones fueron &#8220;m\u00e1s selectivas&#8221;. Y advirti\u00f3 que a la preocupaci\u00f3n por la falta de estabilidad laboral se le sum\u00f3 ahora la incertidumbre salarial.<\/p>\n","protected":false},"excerpt":{"rendered":"<p>La ca\u00edda del empleo en el sector p\u00fablico encaden\u00f3 dos meses seguidos de declive. Entre mayo y junio se registraron 10.600 asalariados menos, seg\u00fan las estad\u00edsticas que releva peri\u00f3dicamente el Ministerio de Trabajo sobre la base de registros de la AFIP &nbsp; &nbsp; &nbsp; De acuerdo con las proyecciones oficiales, la tendencia a la baja se extender\u00e1 durante lo que resta de 2018 y 2019 a partir de la determinaci\u00f3n de la Casa Rosada de congelar por dos a\u00f1os los ingresos al Estado y del impacto de la ley de&#8230;<\/p>\n","protected":false},"author":3,"featured_media":33208,"comment_status":"closed","ping_status":"closed","sticky":false,"template":"","format":"standard","meta":[],"categories":[9],"tags":[],"_links":{"self":[{"href":"https:\/\/www.actualidadadiario.com\/index.php\/wp-json\/wp\/v2\/posts\/33207"}],"collection":[{"href":"https:\/\/www.actualidadadiario.com\/index.php\/wp-json\/wp\/v2\/posts"}],"about":[{"href":"https:\/\/www.actualidadadiario.com\/index.php\/wp-json\/wp\/v2\/types\/post"}],"author":[{"embeddable":true,"href":"https:\/\/www.actualidadadiario.com\/index.php\/wp-json\/wp\/v2\/users\/3"}],"replies":[{"embeddable":true,"href":"https:\/\/www.actualidadadiario.com\/index.php\/wp-json\/wp\/v2\/comments?post=33207"}],"version-history":[{"count":1,"href":"https:\/\/www.actualidadadiario.com\/index.php\/wp-json\/wp\/v2\/posts\/33207\/revisions"}],"predecessor-version":[{"id":33209,"href":"https:\/\/www.actualidadadiario.com\/index.php\/wp-json\/wp\/v2\/posts\/33207\/revisions\/33209"}],"wp:featuredmedia":[{"embeddable":true,"href":"https:\/\/www.actualidadadiario.com\/index.php\/wp-json\/wp\/v2\/media\/33208"}],"wp:attachment":[{"href":"https:\/\/www.actualidadadiario.com\/index.php\/wp-json\/wp\/v2\/media?parent=33207"}],"wp:term":[{"taxonomy":"category","embeddable":true,"href":"https:\/\/www.actualidadadiario.com\/index.php\/wp-json\/wp\/v2\/categories?post=33207"},{"taxonomy":"post_tag","embeddable":true,"href":"https:\/\/www.actualidadadiario.com\/index.php\/wp-json\/wp\/v2\/tags?post=33207"}],"curies":[{"name":"wp","href":"https:\/\/api.w.org\/{rel}","templated":true}]}}