{"id":33204,"date":"2018-09-17T10:34:15","date_gmt":"2018-09-17T13:34:15","guid":{"rendered":"https:\/\/www.actualidadadiario.com\/?p=33204"},"modified":"2018-11-06T19:37:42","modified_gmt":"2018-11-06T22:37:42","slug":"deja-de-producir-una-fabrica-de-carrocerias-en-santa-fe","status":"publish","type":"post","link":"https:\/\/www.actualidadadiario.com\/index.php\/2018\/09\/17\/deja-de-producir-una-fabrica-de-carrocerias-en-santa-fe\/","title":{"rendered":"Deja de producir una f\u00e1brica de carrocer\u00edas en Santa Fe"},"content":{"rendered":"<p><em><strong>Impactada por la fuerte ca\u00edda en la demanda interna, la empresa Helv\u00e9tica, de Ca\u00f1ada de G\u00f3mez, suspendi\u00f3 a todo su personal hasta fin de a\u00f1o<\/strong><\/em><\/p>\n<p>&nbsp;<\/p>\n<p>&nbsp;<\/p>\n<p>&nbsp;<\/p>\n<p>&nbsp;<\/p>\n<p>Otra empresa l\u00edder en esta provincia est\u00e1 en serios problemas. La f\u00e1brica de acoplados Helv\u00e9tica, de Ca\u00f1ada de G\u00f3mez, departamento de Iriondo, 200 kil\u00f3metros al sur de esta capital, acord\u00f3 con la Uni\u00f3n Obrera Metal\u00fargica (UOM) la suspensi\u00f3n de toda la planta de personal (90 trabajadores) y el pago de la mitad del salario hasta fin de a\u00f1o &#8220;para aguantar la ca\u00edda de ventas, que lleg\u00f3 al 90 por ciento&#8221;, dijeron fuentes de la empresa.<\/p>\n<p>&nbsp;<\/p>\n<p>En consecuencia, se suspender\u00e1 la producci\u00f3n y la planta cerrar\u00e1 hasta fin de a\u00f1o. La ca\u00edda de las ventas oscil\u00f3 entre un 80 y un 90 por ciento, seg\u00fan datos de la compa\u00f1\u00eda.<\/p>\n<p>&nbsp;<\/p>\n<p>Helv\u00e9tica es una marca l\u00edder a nivel nacional en el mercado de los acoplados y semirremolques para el transporte. Hasta el a\u00f1o pasado, su ritmo de producci\u00f3n oscilaba entre 50 y 60 unidades fabricadas cada mes, en el predio que tiene en el parque industrial de Ca\u00f1ada de G\u00f3mez.<\/p>\n<p>&nbsp;<\/p>\n<p>En 2015 su due\u00f1o, Ra\u00fal Corna, hab\u00eda invertido $110 millones para remodelar esa planta fabril.<\/p>\n<p>&nbsp;<\/p>\n<p>Sin embargo, la recesi\u00f3n hizo que las ventas disminuyeran, con una pendiente m\u00e1s pronunciada desde el mes de mayo \u00faltimo.<\/p>\n<p>&nbsp;<\/p>\n<p>Seg\u00fan informes, en agosto pasado solo salieron de la f\u00e1brica cinco acoplados.<\/p>\n<p>&nbsp;<\/p>\n<p>Marcelo Cogno, secretario de la Producci\u00f3n del municipio ca\u00f1arense, admiti\u00f3 que &#8220;la ca\u00edda de ventas es insostenible, y as\u00ed est\u00e1n todas las industrias.&#8221;<\/p>\n<p>&nbsp;<\/p>\n<p>&#8220;En el caso de Helv\u00e9tica, hubo di\u00e1logo con la UOM y finalmente las dos partes llegaron a un acuerdo para no dejar sin trabajo a nadie, pero ante la necesidad de hacer una reducci\u00f3n salarial hasta fin de a\u00f1o, para ver c\u00f3mo se va moviendo la econom\u00eda&#8221;, explic\u00f3 el funcionario municipal.<\/p>\n<p>&nbsp;<\/p>\n<p>El funcionario sostuvo, ante una consulta, que &#8220;la empresa estuvo invirtiendo hasta hace poco. Est\u00e1 levantando un galp\u00f3n m\u00e1s, piensan proyectarse; pero el problema es la ca\u00edda de ventas. No puede sostener 90 trabajadores cuando de un promedio de ventas de 60 unidades se cae a 5 o 6 por mes&#8221;, se justific\u00f3 el empresario.<\/p>\n<p>&nbsp;<\/p>\n<p>&nbsp;<\/p>\n<p><strong>Panorama similar <\/strong><\/p>\n<p>El camino que tom\u00f3 Helv\u00e9tica es similar al de General Motors (la terminal automotriz instalada en Alvear, en el Gran Rosario), que anunci\u00f3 la suspensi\u00f3n de 1400 obreros semana por medio, quienes cobrar\u00e1n el 80% del sueldo en los per\u00edodos suspendidos. Lo mismo se conoci\u00f3 el jueves pasado respecto de la carrocera Metalsur, que entr\u00f3 en un plan de suspensiones para sus 400 trabajadores.<\/p>\n<p>&nbsp;<\/p>\n<p>La compa\u00f1\u00eda La Helv\u00e9tica fue fundada en 1904 por el inmigrante suizo Abel Romegialli, en un galp\u00f3n de 120 metros cuadrados. En sus comienzos se dedic\u00f3 a la fabricaci\u00f3n de equipamiento para el hogar y la construcci\u00f3n, como cocinas econ\u00f3micas, celos\u00edas y silos met\u00e1licos para el agro.<\/p>\n<p>&nbsp;<\/p>\n<p>Posteriormente, se incorporaron a la empresa sus hijos Ricardo y Hugo Romegialli, dando origen a la sociedad Abel Romegialli e Hijos. En 1926 comenz\u00f3 la fabricaci\u00f3n de acoplados La Helv\u00e9tica, dando origen a una marca de reconocido prestigio en el rubro a nivel nacional.<\/p>\n<p>&nbsp;<\/p>\n<p>En 1999, Helv\u00e9tica SA adquiri\u00f3 la marca y los derechos para comercializar en exclusiva toda la l\u00ednea de remolques Helv\u00e9tica. Actualmente, fabrica acoplados en formatos de baranda volcable, cerealeros, todo puertas y volcadores bilaterales. La l\u00ednea de semirremolques, en tanto, incluye versiones tipo furg\u00f3n t\u00e9rmico, baranda volcable, volcados traseros, Sidec, furg\u00f3n carga seca y portacontenedor.<\/p>\n","protected":false},"excerpt":{"rendered":"<p>Impactada por la fuerte ca\u00edda en la demanda interna, la empresa Helv\u00e9tica, de Ca\u00f1ada de G\u00f3mez, suspendi\u00f3 a todo su personal hasta fin de a\u00f1o &nbsp; &nbsp; &nbsp; &nbsp; Otra empresa l\u00edder en esta provincia est\u00e1 en serios problemas. La f\u00e1brica de acoplados Helv\u00e9tica, de Ca\u00f1ada de G\u00f3mez, departamento de Iriondo, 200 kil\u00f3metros al sur de esta capital, acord\u00f3 con la Uni\u00f3n Obrera Metal\u00fargica (UOM) la suspensi\u00f3n de toda la planta de personal (90 trabajadores) y el pago de la mitad del salario hasta fin de a\u00f1o &#8220;para aguantar la&#8230;<\/p>\n","protected":false},"author":3,"featured_media":33205,"comment_status":"closed","ping_status":"closed","sticky":false,"template":"","format":"standard","meta":[],"categories":[2],"tags":[],"_links":{"self":[{"href":"https:\/\/www.actualidadadiario.com\/index.php\/wp-json\/wp\/v2\/posts\/33204"}],"collection":[{"href":"https:\/\/www.actualidadadiario.com\/index.php\/wp-json\/wp\/v2\/posts"}],"about":[{"href":"https:\/\/www.actualidadadiario.com\/index.php\/wp-json\/wp\/v2\/types\/post"}],"author":[{"embeddable":true,"href":"https:\/\/www.actualidadadiario.com\/index.php\/wp-json\/wp\/v2\/users\/3"}],"replies":[{"embeddable":true,"href":"https:\/\/www.actualidadadiario.com\/index.php\/wp-json\/wp\/v2\/comments?post=33204"}],"version-history":[{"count":1,"href":"https:\/\/www.actualidadadiario.com\/index.php\/wp-json\/wp\/v2\/posts\/33204\/revisions"}],"predecessor-version":[{"id":33206,"href":"https:\/\/www.actualidadadiario.com\/index.php\/wp-json\/wp\/v2\/posts\/33204\/revisions\/33206"}],"wp:featuredmedia":[{"embeddable":true,"href":"https:\/\/www.actualidadadiario.com\/index.php\/wp-json\/wp\/v2\/media\/33205"}],"wp:attachment":[{"href":"https:\/\/www.actualidadadiario.com\/index.php\/wp-json\/wp\/v2\/media?parent=33204"}],"wp:term":[{"taxonomy":"category","embeddable":true,"href":"https:\/\/www.actualidadadiario.com\/index.php\/wp-json\/wp\/v2\/categories?post=33204"},{"taxonomy":"post_tag","embeddable":true,"href":"https:\/\/www.actualidadadiario.com\/index.php\/wp-json\/wp\/v2\/tags?post=33204"}],"curies":[{"name":"wp","href":"https:\/\/api.w.org\/{rel}","templated":true}]}}