{"id":33192,"date":"2018-09-17T10:31:45","date_gmt":"2018-09-17T13:31:45","guid":{"rendered":"https:\/\/www.actualidadadiario.com\/?p=33192"},"modified":"2018-11-06T19:37:42","modified_gmt":"2018-11-06T22:37:42","slug":"para-la-uca-la-situacion-actual-es-catastrofica-desde-lo-economico","status":"publish","type":"post","link":"https:\/\/www.actualidadadiario.com\/index.php\/2018\/09\/17\/para-la-uca-la-situacion-actual-es-catastrofica-desde-lo-economico\/","title":{"rendered":"Para la UCA, &#8220;la situaci\u00f3n actual es catastr\u00f3fica desde lo econ\u00f3mico&#8221;"},"content":{"rendered":"<p><em><strong>Agust\u00edn Salvia, director del Observatorio de la Deuda Social Argentina que depende de esa instituci\u00f3n, se mostr\u00f3 muy preocupado por lo que pueda suceder en el futuro<\/strong><\/em><\/p>\n<p>&nbsp;<\/p>\n<p>&nbsp;<\/p>\n<p>&nbsp;<\/p>\n<p>&nbsp;<\/p>\n<p>&#8220;La situaci\u00f3n actual es catastr\u00f3fica desde lo econ\u00f3mico. Este per\u00edodo va a ser muy complicado&#8221;, fueron las palabras de Agust\u00edn Salvia, director del Observatorio de la Deuda Social Argentina de la Universidad Cat\u00f3lica Argentina (UCA) para definir el momento que atraviesa el pa\u00eds.<\/p>\n<p>&nbsp;<\/p>\n<p>&#8220;La pobreza este a\u00f1o va a estar arriba del a\u00f1o 2014 y 2015 porque el gobierno no tom\u00f3 medidas de compensaci\u00f3n hacia el consumo interno. En ese momento se tomaron medidas que alentaron el consumo y el cuidado. Ac\u00e1 el desborde es mayor y no hay changas&#8221;, dijo comparando ambos per\u00edodos.<\/p>\n<p>&nbsp;<\/p>\n<p>Consultado acerca de si el gobierno anterior baj\u00f3 o no los \u00edndices de pobreza, o en cuanto los baj\u00f3, Salvia fue terminante: &#8220;Con la canasta de la UCA la pobreza en 2003 estaba arriba del 60%&#8221;.<\/p>\n<p>&nbsp;<\/p>\n<p>Respecto de las estad\u00edsticas oficiales, indic\u00f3: &#8220;El efecto recesivo sobre el mercado interno hace que los sectores populares que tienen gran parte de sus ingresos de las changas o trabajos eventuales el cuarto trimestre va a ser el m\u00e1s grave de todos. Los datos del Indec reci\u00e9n van a estar reflejando esta situaci\u00f3n el a\u00f1o que viene&#8221;<\/p>\n","protected":false},"excerpt":{"rendered":"<p>Agust\u00edn Salvia, director del Observatorio de la Deuda Social Argentina que depende de esa instituci\u00f3n, se mostr\u00f3 muy preocupado por lo que pueda suceder en el futuro &nbsp; &nbsp; &nbsp; &nbsp; &#8220;La situaci\u00f3n actual es catastr\u00f3fica desde lo econ\u00f3mico. Este per\u00edodo va a ser muy complicado&#8221;, fueron las palabras de Agust\u00edn Salvia, director del Observatorio de la Deuda Social Argentina de la Universidad Cat\u00f3lica Argentina (UCA) para definir el momento que atraviesa el pa\u00eds. &nbsp; &#8220;La pobreza este a\u00f1o va a estar arriba del a\u00f1o 2014 y 2015 porque el&#8230;<\/p>\n","protected":false},"author":3,"featured_media":33193,"comment_status":"closed","ping_status":"closed","sticky":false,"template":"","format":"standard","meta":[],"categories":[2],"tags":[],"_links":{"self":[{"href":"https:\/\/www.actualidadadiario.com\/index.php\/wp-json\/wp\/v2\/posts\/33192"}],"collection":[{"href":"https:\/\/www.actualidadadiario.com\/index.php\/wp-json\/wp\/v2\/posts"}],"about":[{"href":"https:\/\/www.actualidadadiario.com\/index.php\/wp-json\/wp\/v2\/types\/post"}],"author":[{"embeddable":true,"href":"https:\/\/www.actualidadadiario.com\/index.php\/wp-json\/wp\/v2\/users\/3"}],"replies":[{"embeddable":true,"href":"https:\/\/www.actualidadadiario.com\/index.php\/wp-json\/wp\/v2\/comments?post=33192"}],"version-history":[{"count":1,"href":"https:\/\/www.actualidadadiario.com\/index.php\/wp-json\/wp\/v2\/posts\/33192\/revisions"}],"predecessor-version":[{"id":33194,"href":"https:\/\/www.actualidadadiario.com\/index.php\/wp-json\/wp\/v2\/posts\/33192\/revisions\/33194"}],"wp:featuredmedia":[{"embeddable":true,"href":"https:\/\/www.actualidadadiario.com\/index.php\/wp-json\/wp\/v2\/media\/33193"}],"wp:attachment":[{"href":"https:\/\/www.actualidadadiario.com\/index.php\/wp-json\/wp\/v2\/media?parent=33192"}],"wp:term":[{"taxonomy":"category","embeddable":true,"href":"https:\/\/www.actualidadadiario.com\/index.php\/wp-json\/wp\/v2\/categories?post=33192"},{"taxonomy":"post_tag","embeddable":true,"href":"https:\/\/www.actualidadadiario.com\/index.php\/wp-json\/wp\/v2\/tags?post=33192"}],"curies":[{"name":"wp","href":"https:\/\/api.w.org\/{rel}","templated":true}]}}