{"id":33187,"date":"2018-09-17T10:29:47","date_gmt":"2018-09-17T13:29:47","guid":{"rendered":"https:\/\/www.actualidadadiario.com\/?p=33187"},"modified":"2018-11-06T19:37:42","modified_gmt":"2018-11-06T22:37:42","slug":"avanza-en-comision-el-proyecto-de-ley-de-comunas","status":"publish","type":"post","link":"https:\/\/www.actualidadadiario.com\/index.php\/2018\/09\/17\/avanza-en-comision-el-proyecto-de-ley-de-comunas\/","title":{"rendered":"Avanza en Comisi\u00f3n el proyecto de Ley de Comunas"},"content":{"rendered":"<p><em><strong>La Comisi\u00f3n Bicameral de Comunas de la c\u00e1mara de Diputados volver\u00e1 a reunirse este martes con el objetivo de avanzar en la iniciativa que propone establecer las normas de organizaci\u00f3n, competencia, y funcionamiento de las comunas de Entre R\u00edos<\/strong><\/em><\/p>\n<p>&nbsp;<\/p>\n<p>&nbsp;<\/p>\n<p>&nbsp;<\/p>\n<p>&nbsp;<\/p>\n<p>El proyecto que se ya debati\u00f3 junto a representantes de las Juntas en Federal, Gualeguaych\u00fa y Paran\u00e1, podr\u00eda tener dictamen favorable este martes, cuando la Comisi\u00f3n Bicameral de Comunas vuelva a reunirse a partir de las 10.<\/p>\n<p>&nbsp;<\/p>\n<p>Lara explic\u00f3 que si bien el proyecto de ley tiene origen en la C\u00e1mara de Diputados, en esta oportunidad se conform\u00f3 una Comisi\u00f3n especial con representantes de ambas c\u00e1maras.<\/p>\n<p>&nbsp;<\/p>\n<p>\u201cLa ventaja de la creaci\u00f3n de esta comisi\u00f3n es que, de obtener dictamen favorable, el proyecto tendr\u00e1 m\u00e1s fuerza para ser tratado en Diputados y Senadores\u201d, destac\u00f3 el legislador.<\/p>\n<p>&nbsp;<\/p>\n<p>Por su parte, el diputado Reynaldo Navarro estim\u00f3 que el proyecto podr\u00e1 obtener el dictamen favorable, ya que se \u201carrib\u00f3 a un buen consenso\u201d, al mismo tiempo que aclar\u00f3 que en la \u00faltima reuni\u00f3n se marcaron algunas modificaciones \u201csobre las que se deb\u00edan seguir trabajando\u201d.<\/p>\n","protected":false},"excerpt":{"rendered":"<p>La Comisi\u00f3n Bicameral de Comunas de la c\u00e1mara de Diputados volver\u00e1 a reunirse este martes con el objetivo de avanzar en la iniciativa que propone establecer las normas de organizaci\u00f3n, competencia, y funcionamiento de las comunas de Entre R\u00edos &nbsp; &nbsp; &nbsp; &nbsp; El proyecto que se ya debati\u00f3 junto a representantes de las Juntas en Federal, Gualeguaych\u00fa y Paran\u00e1, podr\u00eda tener dictamen favorable este martes, cuando la Comisi\u00f3n Bicameral de Comunas vuelva a reunirse a partir de las 10. &nbsp; Lara explic\u00f3 que si bien el proyecto de ley&#8230;<\/p>\n","protected":false},"author":3,"featured_media":33188,"comment_status":"closed","ping_status":"closed","sticky":false,"template":"","format":"standard","meta":[],"categories":[15],"tags":[],"_links":{"self":[{"href":"https:\/\/www.actualidadadiario.com\/index.php\/wp-json\/wp\/v2\/posts\/33187"}],"collection":[{"href":"https:\/\/www.actualidadadiario.com\/index.php\/wp-json\/wp\/v2\/posts"}],"about":[{"href":"https:\/\/www.actualidadadiario.com\/index.php\/wp-json\/wp\/v2\/types\/post"}],"author":[{"embeddable":true,"href":"https:\/\/www.actualidadadiario.com\/index.php\/wp-json\/wp\/v2\/users\/3"}],"replies":[{"embeddable":true,"href":"https:\/\/www.actualidadadiario.com\/index.php\/wp-json\/wp\/v2\/comments?post=33187"}],"version-history":[{"count":1,"href":"https:\/\/www.actualidadadiario.com\/index.php\/wp-json\/wp\/v2\/posts\/33187\/revisions"}],"predecessor-version":[{"id":33189,"href":"https:\/\/www.actualidadadiario.com\/index.php\/wp-json\/wp\/v2\/posts\/33187\/revisions\/33189"}],"wp:featuredmedia":[{"embeddable":true,"href":"https:\/\/www.actualidadadiario.com\/index.php\/wp-json\/wp\/v2\/media\/33188"}],"wp:attachment":[{"href":"https:\/\/www.actualidadadiario.com\/index.php\/wp-json\/wp\/v2\/media?parent=33187"}],"wp:term":[{"taxonomy":"category","embeddable":true,"href":"https:\/\/www.actualidadadiario.com\/index.php\/wp-json\/wp\/v2\/categories?post=33187"},{"taxonomy":"post_tag","embeddable":true,"href":"https:\/\/www.actualidadadiario.com\/index.php\/wp-json\/wp\/v2\/tags?post=33187"}],"curies":[{"name":"wp","href":"https:\/\/api.w.org\/{rel}","templated":true}]}}