{"id":33182,"date":"2018-09-17T10:28:22","date_gmt":"2018-09-17T13:28:22","guid":{"rendered":"https:\/\/www.actualidadadiario.com\/?p=33182"},"modified":"2018-11-06T19:37:46","modified_gmt":"2018-11-06T22:37:46","slug":"agmer-decidio-adherir-a-los-paros-nacionales-con-movilizacion-del-24-y-25-de-septiembre","status":"publish","type":"post","link":"https:\/\/www.actualidadadiario.com\/index.php\/2018\/09\/17\/agmer-decidio-adherir-a-los-paros-nacionales-con-movilizacion-del-24-y-25-de-septiembre\/","title":{"rendered":"Agmer decidi\u00f3 adherir a los paros nacionales con movilizaci\u00f3n del 24 y 25 de septiembre"},"content":{"rendered":"<p><em><strong>La medida de fuerza fue definida este viernes en Congreso en demanda de un aumento salarial acorde a la inflaci\u00f3n<\/strong><\/em><\/p>\n<p>&nbsp;<\/p>\n<p>&nbsp;<\/p>\n<p>&nbsp;<\/p>\n<p>&nbsp;<\/p>\n<p>El CLXXXIV Congreso Extraordinario de Agmer que sesion\u00f3 este viernes en Villaguay defini\u00f3 continuar con el plan de lucha en reclamo de un aumento salarial acorde a los \u00edndices de inflaci\u00f3n.<\/p>\n<p>&nbsp;<\/p>\n<p>Los Congresales aprobaron, entre otras resoluciones, concretar un paro de 48 horas los d\u00edas 24 y 25 de septiembre, con\u00a0 movilizaci\u00f3n provincial a Casa de Gobierno el d\u00eda 24.<\/p>\n","protected":false},"excerpt":{"rendered":"<p>La medida de fuerza fue definida este viernes en Congreso en demanda de un aumento salarial acorde a la inflaci\u00f3n &nbsp; &nbsp; &nbsp; &nbsp; El CLXXXIV Congreso Extraordinario de Agmer que sesion\u00f3 este viernes en Villaguay defini\u00f3 continuar con el plan de lucha en reclamo de un aumento salarial acorde a los \u00edndices de inflaci\u00f3n. &nbsp; Los Congresales aprobaron, entre otras resoluciones, concretar un paro de 48 horas los d\u00edas 24 y 25 de septiembre, con\u00a0 movilizaci\u00f3n provincial a Casa de Gobierno el d\u00eda 24.<\/p>\n","protected":false},"author":3,"featured_media":1617,"comment_status":"closed","ping_status":"closed","sticky":false,"template":"","format":"standard","meta":[],"categories":[15],"tags":[],"_links":{"self":[{"href":"https:\/\/www.actualidadadiario.com\/index.php\/wp-json\/wp\/v2\/posts\/33182"}],"collection":[{"href":"https:\/\/www.actualidadadiario.com\/index.php\/wp-json\/wp\/v2\/posts"}],"about":[{"href":"https:\/\/www.actualidadadiario.com\/index.php\/wp-json\/wp\/v2\/types\/post"}],"author":[{"embeddable":true,"href":"https:\/\/www.actualidadadiario.com\/index.php\/wp-json\/wp\/v2\/users\/3"}],"replies":[{"embeddable":true,"href":"https:\/\/www.actualidadadiario.com\/index.php\/wp-json\/wp\/v2\/comments?post=33182"}],"version-history":[{"count":1,"href":"https:\/\/www.actualidadadiario.com\/index.php\/wp-json\/wp\/v2\/posts\/33182\/revisions"}],"predecessor-version":[{"id":33183,"href":"https:\/\/www.actualidadadiario.com\/index.php\/wp-json\/wp\/v2\/posts\/33182\/revisions\/33183"}],"wp:featuredmedia":[{"embeddable":true,"href":"https:\/\/www.actualidadadiario.com\/index.php\/wp-json\/wp\/v2\/media\/1617"}],"wp:attachment":[{"href":"https:\/\/www.actualidadadiario.com\/index.php\/wp-json\/wp\/v2\/media?parent=33182"}],"wp:term":[{"taxonomy":"category","embeddable":true,"href":"https:\/\/www.actualidadadiario.com\/index.php\/wp-json\/wp\/v2\/categories?post=33182"},{"taxonomy":"post_tag","embeddable":true,"href":"https:\/\/www.actualidadadiario.com\/index.php\/wp-json\/wp\/v2\/tags?post=33182"}],"curies":[{"name":"wp","href":"https:\/\/api.w.org\/{rel}","templated":true}]}}