{"id":33171,"date":"2018-09-17T10:25:40","date_gmt":"2018-09-17T13:25:40","guid":{"rendered":"https:\/\/www.actualidadadiario.com\/?p=33171"},"modified":"2018-11-06T19:37:46","modified_gmt":"2018-11-06T22:37:46","slug":"los-entrerrianos-sin-cobertura-social-pueden-acceder-al-centro-de-medicina-nuclear","status":"publish","type":"post","link":"https:\/\/www.actualidadadiario.com\/index.php\/2018\/09\/17\/los-entrerrianos-sin-cobertura-social-pueden-acceder-al-centro-de-medicina-nuclear\/","title":{"rendered":"Los entrerrianos sin cobertura social pueden acceder al Centro de Medicina Nuclear"},"content":{"rendered":"<p><em><strong>Por un convenio entre el gobierno provincial y el Centro de Medicina Nuclear y Molecular de Entre R\u00edos (Cemener) los entrerrianos sin cobertura social tienen la posibilidad de acceder en forma gratuita a los servicios del instituto<\/strong><\/em><\/p>\n<p>&nbsp;<\/p>\n<p>&nbsp;<\/p>\n<p>&nbsp;<\/p>\n<p>&nbsp;<\/p>\n<p>As\u00ed se desprende del informe sobre la evoluci\u00f3n del organismo que integrantes de la Fundaci\u00f3n del Cemener le presentaron al gobernador Gustavo Bordet, al cumplirse el tercer aniversario de creaci\u00f3n del centro este 31 de agosto.<\/p>\n<p>&nbsp;<\/p>\n<p>En total, el \u00faltimo mes de agosto1080 pacientes fueron atendidos en el lugar y 6500 en lo que va del a\u00f1o.<\/p>\n<p>&nbsp;<\/p>\n<p>Actualmente, el centro tiene m\u00e1s del 90 por ciento de los servicios en funcionamiento y un 10 por ciento de los pacientes atendidos no tienen cobertura social, pero todos los entrerrianos tienen la posibilidad de acceder. En este momento el organismo tiene convenios con 30 mutuales, pero planea ampliarlas.<\/p>\n<p>&nbsp;<\/p>\n<p>El Centro de Medicina Nuclear y Molecular de Entre R\u00edos (Cemener) conmemor\u00f3 su tercer aniversario el 31 de agosto y las autoridades de la Fundaci\u00f3n presentaron al gobernador Gustavo Bordet la evoluci\u00f3n de los servicios que prestan en la instituci\u00f3n. A partir del trabajo conjunto entre la provincia y la instituci\u00f3n se atienden pacientes sin tienen cobertura de seguridad social.<\/p>\n<p>&nbsp;<\/p>\n<p>Hace un a\u00f1o se firm\u00f3 el convenio entre el Cemener y el Ministerio de Salud de la provincia para que quienes no tienen obra social puedan atenderse en el lugar. En una visita que realiz\u00f3 al centro, el mandatario entreg\u00f3 el decreto 2680 mediante el cual la provincia le otorga cinco millones de pesos correspondientes a 2018 a la Fundaci\u00f3n, como lo establece el acta de formaci\u00f3n de la instituci\u00f3n.<\/p>\n<p>&nbsp;<\/p>\n<p>\u201cLa convocatoria que hizo el equipo fue porque se cumplieron los tres a\u00f1os del Cemener y estuvimos acompa\u00f1ando al gobernador, que hizo una entrega muy importante de un recurso financiero, pero tambi\u00e9n poniendo en valor nuevamente lo que es para la salud de la provincia, la regi\u00f3n y el pa\u00eds este Centro\u201d, explic\u00f3 la ministra de Salud, Sonia Vel\u00e1zquez.<\/p>\n<p>&nbsp;<\/p>\n<p>La titular de la cartera de Salud consider\u00f3 que el Cemener \u201ces de un valor agregado important\u00edsimo y por lo tanto merec\u00eda que estuvi\u00e9semos presentes con el equipo para poder acompa\u00f1ar no solamente el aniversario sino tambi\u00e9n todo lo que se puso de manifiesto, haciendo un recorrido hist\u00f3rico de los tres a\u00f1os pero tambi\u00e9n del componente productivo, de la calidad prestacional que brinda este centro y sellando nuevos compromisos para lo que viene\u201d.<\/p>\n<p>&nbsp;<\/p>\n<p>La ministra destac\u00f3 que con las autoridades de la Fundaci\u00f3n Cemener establecieron \u201cun trabajo con toda la poblaci\u00f3n nominalizada que no tiene cobertura de seguridad social a trav\u00e9s de las cuatro cabeceras de regi\u00f3n sanitaria que tiene organizada el Ministerio de Salud de la provincia; y en ese sentido llevamos esta calidad que se le brinda como valor agregado a todos nuestros usuarios que no tienen cobertura de seguridad social y para nosotros es altamente significativo\u201d.<\/p>\n<p>&nbsp;<\/p>\n<p>&nbsp;<\/p>\n<p><strong>Crecimiento constante<\/strong><\/p>\n<p>\u201cHoy podemos decir que la evoluci\u00f3n ha sido constante\u201d, dijo el presidente del Directorio del Instituto de Obra Social de la Provincia de Entre R\u00edos (Iosper), Fernando Ca\u00f1ete.<\/p>\n<p>&nbsp;<\/p>\n<p>\u201cVenimos trabajando, buscando la posibilidad de que cada uno de los servicios se pusieran en funcionamiento con una condici\u00f3n \u00f3ptima, no solamente del recurso humano, que es lo fundamental, sino tambi\u00e9n de la aparatolog\u00eda\u201d, indic\u00f3.<\/p>\n<p>&nbsp;<\/p>\n<p>En ese sentido, Ca\u00f1ete puntualiz\u00f3: \u201cPodemos decir que hoy estamos en m\u00e1s del 90 por ciento de todos los servicios puestos en funcionamiento, hemos crecido, vamos evolucionando y nos falta solamente la parte de braquiterapia que seguramente en el transcurso de este a\u00f1o o en los primeros meses del a\u00f1o que viene ya va a estar funcionando\u201d.<\/p>\n<p>&nbsp;<\/p>\n<p>\u201cNo tenemos inconvenientes operativos all\u00ed sino que lo que nos falta es el recurso humano que es lo que se est\u00e1 capacitando y es lo que estamos tratando de incorporar\u201d, aclar\u00f3.<\/p>\n<p>&nbsp;<\/p>\n<p>\u201cLa evoluci\u00f3n ha sido constante con un manejo desde la Fundaci\u00f3n que nuclea al Cemener, ya sea la Comisi\u00f3n Nacional de Energ\u00eda At\u00f3mica, el Iosper y la provincia de Entre R\u00edos, y esta fundaci\u00f3n ha tenido el desarrollo tanto en lo prestacional como en la incorporaci\u00f3n de nuevas tecnolog\u00edas y la posibilidad de desarrollo de capacitaci\u00f3n y docencia. Tambi\u00e9n est\u00e1 abierta la posibilidad de que se puedan hacer cursos dentro de esta instituci\u00f3n, todo en busca de mejorar la atenci\u00f3n para nuestros afiliados para los entrerrianos y para las personas que necesiten el servicio que brinda el Cemener\u201d, resumi\u00f3 Ca\u00f1ete.<\/p>\n<p>&nbsp;<\/p>\n<p>&nbsp;<\/p>\n<p><strong>Sobre la tasa de crecimiento<\/strong><\/p>\n<p>El gerente General de la Fundaci\u00f3n Cemener, Nahuel Tawata, detall\u00f3: \u201cLa tendencia de crecimiento del Cemener es a raz\u00f3n de 35 pacientes por mes\u201d.<\/p>\n<p>&nbsp;<\/p>\n<p>\u201cAhora comenzamos a trabajar para hacer difusi\u00f3n y comunicaci\u00f3n de la marca. Adem\u00e1s, un departamento trabaja en relaciones institucionales y convenios, que est\u00e1n haciendo con obras sociales. Al d\u00eda de hoy tenemos convenios con 30 obras sociales y la idea es ampliarlos\u201d, inform\u00f3 a su vez Tawata.<\/p>\n<p>&nbsp;<\/p>\n<p>En el Centro, los servicios que se brindan son: resonancia, tomograf\u00eda, medicina nuclear, radioterapia, hospital de d\u00eda y consultorios. \u201cEstamos trabajando en desarrollar un servicio de cardiolog\u00eda. El motor del Centro es la parte oncol\u00f3gica y en particular la parte de radioterapia porque se pens\u00f3 para que fusione im\u00e1genes con todos los dem\u00e1s servicios\u201d, apunt\u00f3, por \u00faltimo, el ingeniero.<\/p>\n<p>&nbsp;<\/p>\n<p>Durante la actividad se realiz\u00f3 una videoconferencia con el presidente de la Fundaci\u00f3n Centro de Medicina Nuclear y Molecular de Entre R\u00edos, Diego Javier Passadore. El gobernador tambi\u00e9n estuvo acompa\u00f1ado por el fiscal de Estado, Julio Rodr\u00edguez Signes, entre otras autoridades.<\/p>\n","protected":false},"excerpt":{"rendered":"<p>Por un convenio entre el gobierno provincial y el Centro de Medicina Nuclear y Molecular de Entre R\u00edos (Cemener) los entrerrianos sin cobertura social tienen la posibilidad de acceder en forma gratuita a los servicios del instituto &nbsp; &nbsp; &nbsp; &nbsp; As\u00ed se desprende del informe sobre la evoluci\u00f3n del organismo que integrantes de la Fundaci\u00f3n del Cemener le presentaron al gobernador Gustavo Bordet, al cumplirse el tercer aniversario de creaci\u00f3n del centro este 31 de agosto. &nbsp; En total, el \u00faltimo mes de agosto1080 pacientes fueron atendidos en el&#8230;<\/p>\n","protected":false},"author":3,"featured_media":33172,"comment_status":"closed","ping_status":"closed","sticky":false,"template":"","format":"standard","meta":[],"categories":[9],"tags":[],"_links":{"self":[{"href":"https:\/\/www.actualidadadiario.com\/index.php\/wp-json\/wp\/v2\/posts\/33171"}],"collection":[{"href":"https:\/\/www.actualidadadiario.com\/index.php\/wp-json\/wp\/v2\/posts"}],"about":[{"href":"https:\/\/www.actualidadadiario.com\/index.php\/wp-json\/wp\/v2\/types\/post"}],"author":[{"embeddable":true,"href":"https:\/\/www.actualidadadiario.com\/index.php\/wp-json\/wp\/v2\/users\/3"}],"replies":[{"embeddable":true,"href":"https:\/\/www.actualidadadiario.com\/index.php\/wp-json\/wp\/v2\/comments?post=33171"}],"version-history":[{"count":1,"href":"https:\/\/www.actualidadadiario.com\/index.php\/wp-json\/wp\/v2\/posts\/33171\/revisions"}],"predecessor-version":[{"id":33173,"href":"https:\/\/www.actualidadadiario.com\/index.php\/wp-json\/wp\/v2\/posts\/33171\/revisions\/33173"}],"wp:featuredmedia":[{"embeddable":true,"href":"https:\/\/www.actualidadadiario.com\/index.php\/wp-json\/wp\/v2\/media\/33172"}],"wp:attachment":[{"href":"https:\/\/www.actualidadadiario.com\/index.php\/wp-json\/wp\/v2\/media?parent=33171"}],"wp:term":[{"taxonomy":"category","embeddable":true,"href":"https:\/\/www.actualidadadiario.com\/index.php\/wp-json\/wp\/v2\/categories?post=33171"},{"taxonomy":"post_tag","embeddable":true,"href":"https:\/\/www.actualidadadiario.com\/index.php\/wp-json\/wp\/v2\/tags?post=33171"}],"curies":[{"name":"wp","href":"https:\/\/api.w.org\/{rel}","templated":true}]}}