{"id":33162,"date":"2018-09-14T10:40:58","date_gmt":"2018-09-14T13:40:58","guid":{"rendered":"https:\/\/www.actualidadadiario.com\/?p=33162"},"modified":"2018-11-06T19:37:46","modified_gmt":"2018-11-06T22:37:46","slug":"hermano-lula-tu-dignidad-rompera-las-cadenas-que-injustamente-te-privan-de-libertad","status":"publish","type":"post","link":"https:\/\/www.actualidadadiario.com\/index.php\/2018\/09\/14\/hermano-lula-tu-dignidad-rompera-las-cadenas-que-injustamente-te-privan-de-libertad\/","title":{"rendered":"&#8220;Hermano Lula: tu dignidad romper\u00e1 las cadenas que injustamente te privan de libertad&#8221;"},"content":{"rendered":"<p><em><strong>El presidente boliviano, Evo Morales, destac\u00f3 el compromiso de Lula Da Silva en favor de Fernando Haddad, luego de su renuncia a la candidatura presidencial<\/strong><\/em><\/p>\n<p>&nbsp;<\/p>\n<p>&nbsp;<\/p>\n<p>&nbsp;<\/p>\n<p>El presidente boliviano Evo Morales destac\u00f3 este mi\u00e9rcoles el &#8220;desprendimiento&#8221; del encarcelado l\u00edder brasile\u00f1o y expresidente Luiz In\u00e1cio Lula da Silva, quien renunci\u00f3 a su candidatura presidencial en favor de Fernando Haddad.<\/p>\n<p>&nbsp;<\/p>\n<p>&#8220;Saludamos el acto tan digno, de compromiso y desprendimiento de nuestro hermano Lula da Silva, que nombr\u00f3 a su acompa\u00f1ante Fernando Haddad, como candidato presidencial del Partido de los Trabajadores (PT) de Brasil&#8221;, dijo Morales en un mensaje en su cuenta de la red social Twitter.<\/p>\n<p>&nbsp;<\/p>\n<p>El presidente izquierdista boliviano reaccion\u00f3 as\u00ed ante el cambio de candidato anunciado el martes por el PT, luego de que fracasaran varias gestiones de ese partido ante las autoridades judiciales y electorales de Brasil para que permitan la nueva postulaci\u00f3n del expresidente Lula.<\/p>\n<p>&nbsp;<\/p>\n<p>&#8220;Hermano Lula: tu dignidad romper\u00e1 las cadenas que injustamente te privan de libertad&#8221;, augur\u00f3 Morales.<\/p>\n<p>&nbsp;<\/p>\n<p>Lula, quien fue condenado por cargos de corrupci\u00f3n, que \u00e9l niega con firmeza, colabor\u00f3 estrechamente con Morales en la primera gesti\u00f3n del mandatario boliviano.<\/p>\n","protected":false},"excerpt":{"rendered":"<p>El presidente boliviano, Evo Morales, destac\u00f3 el compromiso de Lula Da Silva en favor de Fernando Haddad, luego de su renuncia a la candidatura presidencial &nbsp; &nbsp; &nbsp; El presidente boliviano Evo Morales destac\u00f3 este mi\u00e9rcoles el &#8220;desprendimiento&#8221; del encarcelado l\u00edder brasile\u00f1o y expresidente Luiz In\u00e1cio Lula da Silva, quien renunci\u00f3 a su candidatura presidencial en favor de Fernando Haddad. &nbsp; &#8220;Saludamos el acto tan digno, de compromiso y desprendimiento de nuestro hermano Lula da Silva, que nombr\u00f3 a su acompa\u00f1ante Fernando Haddad, como candidato presidencial del Partido de los&#8230;<\/p>\n","protected":false},"author":3,"featured_media":33163,"comment_status":"closed","ping_status":"closed","sticky":false,"template":"","format":"standard","meta":[],"categories":[4],"tags":[],"_links":{"self":[{"href":"https:\/\/www.actualidadadiario.com\/index.php\/wp-json\/wp\/v2\/posts\/33162"}],"collection":[{"href":"https:\/\/www.actualidadadiario.com\/index.php\/wp-json\/wp\/v2\/posts"}],"about":[{"href":"https:\/\/www.actualidadadiario.com\/index.php\/wp-json\/wp\/v2\/types\/post"}],"author":[{"embeddable":true,"href":"https:\/\/www.actualidadadiario.com\/index.php\/wp-json\/wp\/v2\/users\/3"}],"replies":[{"embeddable":true,"href":"https:\/\/www.actualidadadiario.com\/index.php\/wp-json\/wp\/v2\/comments?post=33162"}],"version-history":[{"count":1,"href":"https:\/\/www.actualidadadiario.com\/index.php\/wp-json\/wp\/v2\/posts\/33162\/revisions"}],"predecessor-version":[{"id":33164,"href":"https:\/\/www.actualidadadiario.com\/index.php\/wp-json\/wp\/v2\/posts\/33162\/revisions\/33164"}],"wp:featuredmedia":[{"embeddable":true,"href":"https:\/\/www.actualidadadiario.com\/index.php\/wp-json\/wp\/v2\/media\/33163"}],"wp:attachment":[{"href":"https:\/\/www.actualidadadiario.com\/index.php\/wp-json\/wp\/v2\/media?parent=33162"}],"wp:term":[{"taxonomy":"category","embeddable":true,"href":"https:\/\/www.actualidadadiario.com\/index.php\/wp-json\/wp\/v2\/categories?post=33162"},{"taxonomy":"post_tag","embeddable":true,"href":"https:\/\/www.actualidadadiario.com\/index.php\/wp-json\/wp\/v2\/tags?post=33162"}],"curies":[{"name":"wp","href":"https:\/\/api.w.org\/{rel}","templated":true}]}}