{"id":3316,"date":"2016-10-26T09:01:09","date_gmt":"2016-10-26T12:01:09","guid":{"rendered":"http:\/\/actualidadadiario.com\/site\/?p=3316"},"modified":"2016-10-26T09:01:09","modified_gmt":"2016-10-26T12:01:09","slug":"rebelion-en-la-afa-sin-la-presencia-de-los-grandes-clubes-planean-elecciones-anticipadas","status":"publish","type":"post","link":"https:\/\/www.actualidadadiario.com\/index.php\/2016\/10\/26\/rebelion-en-la-afa-sin-la-presencia-de-los-grandes-clubes-planean-elecciones-anticipadas\/","title":{"rendered":"Rebeli\u00f3n en la AFA: sin la presencia de los grandes, clubes planean elecciones anticipadas"},"content":{"rendered":"<p><em><strong>Con representantes de 25 clubes de Primera Divisi\u00f3n, los dirigentes de los denominados &#8220;chicos&#8221; acordaron acompa\u00f1ar el proceso para la creaci\u00f3n de la S\u00faperliga, aunque reclamaron &#8220;consenso&#8221; de cara a las elecciones que se avecinan sin fecha definida y una &#8220;mayor participaci\u00f3n&#8221; en las decisiones de la Comisi\u00f3n Regularizadora<\/strong><\/em><\/p>\n<p>&nbsp;<\/p>\n<p>&nbsp;<\/p>\n<p>&nbsp;<\/p>\n<p>&nbsp;<\/p>\n<p>&nbsp;<\/p>\n<p>&nbsp;<\/p>\n<p>Esos fueron los puntos m\u00e1s importantes del almuerzo que compartieron este martes en el barrio porte\u00f1o de Puerto Madero los dirigentes de los 24 clubes que menos dinero cobran por los derechos de televisaci\u00f3n m\u00e1s Ra\u00fal G\u00e1mez, de V\u00e9lez, que si bien est\u00e1 un escal\u00f3n m\u00e1s arriba, tambi\u00e9n se sum\u00f3.<\/p>\n<p>&nbsp;<\/p>\n<p>Los representantes de los clubes hablaron de la S\u00faperliga, la mentada renovaci\u00f3n de la Primera Divisi\u00f3n que a\u00fan no tiene fecha ni forma de inicio.<\/p>\n<p>&nbsp;<\/p>\n<p>M\u00e1s all\u00e1 de que algunos clubes hayan firmado el acta acuerdo de Angelici en Ezeiza, el consenso iba rumbo a no apoyarla, habr\u00e1 un par de los presentes en Puerto Madero que rubricar\u00e1n para que avance un paso m\u00e1s. Los dem\u00e1s evaluar\u00e1n en un futuro su postura.<\/p>\n<p>&nbsp;<\/p>\n<p>Muchos de ellos, en tanto, creen que nunca estar\u00e1n los 53 avales (30 de Primera y 23 de la B Nacional) que se necesitan para cristalizar la nueva asociaci\u00f3n civil.<\/p>\n<p>&nbsp;<\/p>\n<p>La semana pasada, la Inspecci\u00f3n General de Justicia (IGJ) allan\u00f3 el camino para la presentaci\u00f3n del nuevo estatuto de la S\u00faperliga al aprobar la \u00faltima reforma del estatuto de la AFA, que contemplaba su creaci\u00f3n.<\/p>\n<p>&nbsp;<\/p>\n<p>&#8220;Tenemos que llegar a un consenso, el camino es decir las cosas que pensamos y sentir que tenemos que tener un espacio para nuestras ideas y propuestas&#8221;, fue el resumen que el presidente de Olimpo, Alfredo Dagna, realiz\u00f3 ante la prensa.<\/p>\n<p>&nbsp;<\/p>\n<p>&#8220;El f\u00fatbol necesita que el mundo participe con buena leche. Fue una reuni\u00f3n bastante positiva, los t\u00edtulos son dif\u00edciles de buscar, pero s\u00ed queremos tener m\u00e1s participaci\u00f3n en las decisiones de esta Comisi\u00f3n Regularizadora&#8221;, aprovech\u00f3 para reclamar contra el cuarteto designado por FIFA.<\/p>\n<p>&nbsp;<\/p>\n<p>A futuro, tambi\u00e9n, se vienen las elecciones de las nuevas autoridades de la AFA, y all\u00ed Dagna tiene en claro qu\u00e9 deben buscar los dirigentes: &#8220;Necesitamos una lista que interprete el sentimiento de la gran mayor\u00eda de los clubes&#8221;.<\/p>\n","protected":false},"excerpt":{"rendered":"<p>Con representantes de 25 clubes de Primera Divisi\u00f3n, los dirigentes de los denominados &#8220;chicos&#8221; acordaron acompa\u00f1ar el proceso para la creaci\u00f3n de la S\u00faperliga, aunque reclamaron &#8220;consenso&#8221; de cara a las elecciones que se avecinan sin fecha definida y una &#8220;mayor participaci\u00f3n&#8221; en las decisiones de la Comisi\u00f3n Regularizadora &nbsp; &nbsp; &nbsp; &nbsp; &nbsp; &nbsp; Esos fueron los puntos m\u00e1s importantes del almuerzo que compartieron este martes en el barrio porte\u00f1o de Puerto Madero los dirigentes de los 24 clubes que menos dinero cobran por los derechos de televisaci\u00f3n m\u00e1s&#8230;<\/p>\n","protected":false},"author":3,"featured_media":3317,"comment_status":"closed","ping_status":"closed","sticky":false,"template":"","format":"standard","meta":[],"categories":[4],"tags":[],"_links":{"self":[{"href":"https:\/\/www.actualidadadiario.com\/index.php\/wp-json\/wp\/v2\/posts\/3316"}],"collection":[{"href":"https:\/\/www.actualidadadiario.com\/index.php\/wp-json\/wp\/v2\/posts"}],"about":[{"href":"https:\/\/www.actualidadadiario.com\/index.php\/wp-json\/wp\/v2\/types\/post"}],"author":[{"embeddable":true,"href":"https:\/\/www.actualidadadiario.com\/index.php\/wp-json\/wp\/v2\/users\/3"}],"replies":[{"embeddable":true,"href":"https:\/\/www.actualidadadiario.com\/index.php\/wp-json\/wp\/v2\/comments?post=3316"}],"version-history":[{"count":1,"href":"https:\/\/www.actualidadadiario.com\/index.php\/wp-json\/wp\/v2\/posts\/3316\/revisions"}],"predecessor-version":[{"id":3318,"href":"https:\/\/www.actualidadadiario.com\/index.php\/wp-json\/wp\/v2\/posts\/3316\/revisions\/3318"}],"wp:featuredmedia":[{"embeddable":true,"href":"https:\/\/www.actualidadadiario.com\/index.php\/wp-json\/wp\/v2\/media\/3317"}],"wp:attachment":[{"href":"https:\/\/www.actualidadadiario.com\/index.php\/wp-json\/wp\/v2\/media?parent=3316"}],"wp:term":[{"taxonomy":"category","embeddable":true,"href":"https:\/\/www.actualidadadiario.com\/index.php\/wp-json\/wp\/v2\/categories?post=3316"},{"taxonomy":"post_tag","embeddable":true,"href":"https:\/\/www.actualidadadiario.com\/index.php\/wp-json\/wp\/v2\/tags?post=3316"}],"curies":[{"name":"wp","href":"https:\/\/api.w.org\/{rel}","templated":true}]}}