{"id":33159,"date":"2018-09-14T10:40:20","date_gmt":"2018-09-14T13:40:20","guid":{"rendered":"https:\/\/www.actualidadadiario.com\/?p=33159"},"modified":"2018-11-06T19:37:46","modified_gmt":"2018-11-06T22:37:46","slug":"miles-de-estudiantes-mexicanos-se-movilizan-a-50-anos-de-la-marcha-del-silencio","status":"publish","type":"post","link":"https:\/\/www.actualidadadiario.com\/index.php\/2018\/09\/14\/miles-de-estudiantes-mexicanos-se-movilizan-a-50-anos-de-la-marcha-del-silencio\/","title":{"rendered":"Miles de estudiantes mexicanos se movilizan a 50 a\u00f1os de la Marcha del Silencio"},"content":{"rendered":"<p><em><strong>Varias facultades y escuelas de la Universidad Nacional Aut\u00f3noma de M\u00e9xico (UNAM) se mantuvieron ayer en paro de actividades, que se extender\u00e1 hasta este viernes cuando se lleve a cabo la segunda asamblea interuniversitaria, a las 10 horas, en la Escuela Nacional de Antropolog\u00eda e Historia (ENAH), durante la cual se decidir\u00e1 el rumbo que seguir\u00e1 el movimiento estudiantil en los pr\u00f3ximos d\u00edas<\/strong><\/em><\/p>\n<p>&nbsp;<\/p>\n<p>&nbsp;<\/p>\n<p>&nbsp;<\/p>\n<p>&nbsp;<\/p>\n<p>Durante un recorrido por Ciudad Universitaria (CU) se confirm\u00f3 que las facultades de Ciencias Pol\u00edticas y Sociales, Econom\u00eda, Ciencias, Arquitectura, Sicolog\u00eda y Filosof\u00eda y Letras segu\u00edan en paro, lo mismo que la Escuela Nacional de Trabajo Social.<\/p>\n<p>&nbsp;<\/p>\n<p>En varios de estos planteles los integrantes de las asambleas elaboraron las pancartas y mantas que llevaron a la Marcha del silencio que se realiz\u00f3 del Museo Nacional de Antropolog\u00eda al Z\u00f3calo de Ciudad de M\u00e9xico.<\/p>\n<p>&nbsp;<\/p>\n<p>Sin embargo, en otras instalaciones de la UNAM este jueves se realizaban actividades de manera regular, entre ellas las facultades de Medicina, Veterinaria y Zootecnia, Ingenier\u00eda, Qu\u00edmica, Derecho y Contadur\u00eda.<\/p>\n<p>&nbsp;<\/p>\n<p>A partir de las 15 horas se observ\u00f3 que los contingentes de diversas escuelas de CU comenzaron a salir hacia las estaciones de Metro Copilco y Universidad para dirigirse en este medio de transporte al punto de inicio de la caminata.<\/p>\n<p>&nbsp;<\/p>\n<p>En la asamblea interuniversitaria de este viernes, de acuerdo con estudiantes de diversas escuelas de la m\u00e1xima casa de estudios, se espera que uno de los puntos a analizar sea la respuesta del rector Enrique Graue Wiechers al pliego petitorio formulado por los alumnos del Colegio de Ciencias y Humanidades (CCH) Azcapotzalco, el cual fue aceptado p\u00fablicamente y posteriormente firmado por el funcionario.<\/p>\n<p>&nbsp;<\/p>\n<p>C\u00f3mo ha informado este diario, otro de los puntos que han estado presentes en los debates de forma generalizada es el de la violencia de g\u00e9nero que se vive en la Universidad y la necesidad de formular un protocolo de seguridad en el cual se incluyan las opiniones y necesidades de las v\u00edctimas.<\/p>\n<p>&nbsp;<\/p>\n<p>En las asambleas de los diversos planteles existe un acuerdo pr\u00e1cticamente un\u00e1nime de exigir la desaparici\u00f3n de los grupos porriles que operan en la instituci\u00f3n, investigar si \u00e9stos son auspiciados por las autoridades universitarias y demandar la destituci\u00f3n del coordinador de Auxilio UNAM, Te\u00f3filo Licona.<\/p>\n<p>&nbsp;<\/p>\n<p>La propuesta de pedir la renuncia del rector Enrique Graue ha sido mencionada por representantes de varias escuelas, pero en otros planteles se considera que no es una exigencia central, pues se ha argumentado que las pr\u00e1cticas negativas que ocurren en la Universidad son estructurales y no se resolver\u00edan con la partida de un solo funcionario.<\/p>\n<p>&nbsp;<\/p>\n<p>En la asamblea interuniversitaria de hoy se prev\u00e9 que las representaciones de las facultades y escuelas aprueben paros de labores los d\u00edas 26 de septiembre (por el cuarto aniversario de la desaparici\u00f3n forzada de los 43 normalistas de Ayotzinapa) y el 2 de octubre (por el 50 aniversario de la masacre de Tlatelolco).<\/p>\n","protected":false},"excerpt":{"rendered":"<p>Varias facultades y escuelas de la Universidad Nacional Aut\u00f3noma de M\u00e9xico (UNAM) se mantuvieron ayer en paro de actividades, que se extender\u00e1 hasta este viernes cuando se lleve a cabo la segunda asamblea interuniversitaria, a las 10 horas, en la Escuela Nacional de Antropolog\u00eda e Historia (ENAH), durante la cual se decidir\u00e1 el rumbo que seguir\u00e1 el movimiento estudiantil en los pr\u00f3ximos d\u00edas &nbsp; &nbsp; &nbsp; &nbsp; Durante un recorrido por Ciudad Universitaria (CU) se confirm\u00f3 que las facultades de Ciencias Pol\u00edticas y Sociales, Econom\u00eda, Ciencias, Arquitectura, Sicolog\u00eda y Filosof\u00eda&#8230;<\/p>\n","protected":false},"author":3,"featured_media":33160,"comment_status":"closed","ping_status":"closed","sticky":false,"template":"","format":"standard","meta":[],"categories":[4],"tags":[],"_links":{"self":[{"href":"https:\/\/www.actualidadadiario.com\/index.php\/wp-json\/wp\/v2\/posts\/33159"}],"collection":[{"href":"https:\/\/www.actualidadadiario.com\/index.php\/wp-json\/wp\/v2\/posts"}],"about":[{"href":"https:\/\/www.actualidadadiario.com\/index.php\/wp-json\/wp\/v2\/types\/post"}],"author":[{"embeddable":true,"href":"https:\/\/www.actualidadadiario.com\/index.php\/wp-json\/wp\/v2\/users\/3"}],"replies":[{"embeddable":true,"href":"https:\/\/www.actualidadadiario.com\/index.php\/wp-json\/wp\/v2\/comments?post=33159"}],"version-history":[{"count":1,"href":"https:\/\/www.actualidadadiario.com\/index.php\/wp-json\/wp\/v2\/posts\/33159\/revisions"}],"predecessor-version":[{"id":33161,"href":"https:\/\/www.actualidadadiario.com\/index.php\/wp-json\/wp\/v2\/posts\/33159\/revisions\/33161"}],"wp:featuredmedia":[{"embeddable":true,"href":"https:\/\/www.actualidadadiario.com\/index.php\/wp-json\/wp\/v2\/media\/33160"}],"wp:attachment":[{"href":"https:\/\/www.actualidadadiario.com\/index.php\/wp-json\/wp\/v2\/media?parent=33159"}],"wp:term":[{"taxonomy":"category","embeddable":true,"href":"https:\/\/www.actualidadadiario.com\/index.php\/wp-json\/wp\/v2\/categories?post=33159"},{"taxonomy":"post_tag","embeddable":true,"href":"https:\/\/www.actualidadadiario.com\/index.php\/wp-json\/wp\/v2\/tags?post=33159"}],"curies":[{"name":"wp","href":"https:\/\/api.w.org\/{rel}","templated":true}]}}