{"id":33156,"date":"2018-09-14T10:39:35","date_gmt":"2018-09-14T13:39:35","guid":{"rendered":"https:\/\/www.actualidadadiario.com\/?p=33156"},"modified":"2018-11-06T19:37:46","modified_gmt":"2018-11-06T22:37:46","slug":"sancionan-al-jefe-del-ejercito-uruguayo","status":"publish","type":"post","link":"https:\/\/www.actualidadadiario.com\/index.php\/2018\/09\/14\/sancionan-al-jefe-del-ejercito-uruguayo\/","title":{"rendered":"Sancionan al jefe del Ej\u00e9rcito uruguayo"},"content":{"rendered":"<p><em><strong>\u201cComentar un proyecto de ley que est\u00e1 en discusi\u00f3n en el Parlamento es una actividad pol\u00edtica\u201d, dijo Tabar\u00e9 V\u00e1zquez sobre su decisi\u00f3n de sancionar a Guido Manini R\u00edos, quien opin\u00f3 de la reforma de retiros y pensiones militares<\/strong><\/em><\/p>\n<p>&nbsp;<\/p>\n<p>&nbsp;<\/p>\n<p>&nbsp;<\/p>\n<p>&nbsp;<\/p>\n<p>El presidente de Uruguay, Tabar\u00e9 V\u00e1zquez, ratific\u00f3 ayer su decisi\u00f3n de sancionar con 30 d\u00edas de arresto al jefe del Ej\u00e9rcito, Guido Manini R\u00edos, por haber realizado comentarios pol\u00edticos, acto que est\u00e1 prohibido por la Constituci\u00f3n. \u201cManini R\u00edos se equivoc\u00f3 y, en funci\u00f3n de eso, es sancionado\u201d, afirm\u00f3 el mandatario. El martes, V\u00e1zquez tom\u00f3 la decisi\u00f3n de castigar al militar por haber opinado sobre el proyecto de Reforma de la Caja Militar -el servicio de retiros y pensiones militares- que se est\u00e1 analizando en el Parlamento. Manini R\u00edos se encuentra actualmente en M\u00e9xico en una misi\u00f3n oficial y regresar\u00e1 a Montevideo el 18 de septiembre.<\/p>\n<p>&nbsp;<\/p>\n<p>\u201cLa decisi\u00f3n de arresto a rigor por 30 d\u00edas al comandante en jefe del Ej\u00e9rcito, general Guido Manini R\u00edos, se tom\u00f3 por m\u00faltiples situaciones que merecieron en su momento apercibimientos, las que contravienen reglamentaciones y art\u00edculos constitucionales\u201d, dijo el presidente ayer en su visita a la Rural del Prado, Montevideo, inform\u00f3 el diario uruguayo La Rep\u00fablica. El militar hab\u00eda se\u00f1alado en la emisora Oc\u00e9ano FM que la reforma perjudicaba a la mayor\u00eda de los efectivos de su fuerza y que algunos, incluso, perder\u00edan su derecho a retirarse. Seg\u00fan consider\u00f3 el mandatario, Manini R\u00edos viol\u00f3 el art\u00edculo 77 de la Constituci\u00f3n cuyo inciso cuatro no permite a miembros del cuerpo castrense ejercer ning\u00fan tipo de actividad pol\u00edtica, salvo el voto. \u201cComentar un proyecto de ley que est\u00e1 en discusi\u00f3n en el Parlamento es una actividad pol\u00edtica\u201d, agreg\u00f3 V\u00e1zquez. Asimismo, el presidente afirm\u00f3: \u201cLa sanci\u00f3n se bas\u00f3 tambi\u00e9n en el Reglamento Nacional de Servicios n\u00famero 21, que establece, en su literal C, que no pueden interferir ni directa ni indirectamente en tr\u00e1mites administrativos ni en discusiones ni en presentar opiniones sobre proyectos de ley\u201d.<\/p>\n<p>&nbsp;<\/p>\n<p>Adem\u00e1s de opinar sobre la legislaci\u00f3n en curso, el jefe del Ej\u00e9rcito hab\u00eda apuntado contra el ministro de Trabajo, Ernesto Murro, quien est\u00e1 llevando adelante esta reforma, diciendo estaba mal informado. \u201cNo le puedo atribuir de ninguna manera al ministro mala fe ni puedo ni siquiera creer, y no lo creo, que mienta a sabiendas. Simplemente creo que no est\u00e1 bien informado\u201d, hab\u00eda dicho Manini R\u00edos. \u201cSi el se\u00f1or ministro agarra una calculadora, toma los t\u00e9rminos de la ley y la realidad de un soldado nuestro, se va a dar cuenta que lo que yo digo es as\u00ed. El soldado va a tener que hacer m\u00e1s a\u00f1os para irse con la mitad\u201d, agreg\u00f3 el militar.<\/p>\n<p>&nbsp;<\/p>\n<p>A pesar de lo ocurrido, el mandatario dijo no haber perdido la confianza en Manini R\u00edos. \u201cNo hay ning\u00fan tipo de p\u00e9rdida de confianza en la lealtad institucional del se\u00f1or comandante en jefe del Ej\u00e9rcito, demostrada en m\u00e1s de una oportunidad, y tampoco est\u00e1 en juego la buena fe con la que act\u00faa\u201d, asegur\u00f3. El presidente tambi\u00e9n aclar\u00f3 que no se le hab\u00eda pedido a Manini R\u00edos que regresara antes al pa\u00eds. \u201cS\u00e9 que soy criticado, pero hay un viejo dicho que tiene permanencia: \u2018Palo porque bogas y, si no bogas, palos tambi\u00e9n\u2019\u201d, expres\u00f3 desde la Rural.<\/p>\n<p>&nbsp;<\/p>\n<p>Seg\u00fan inform\u00f3 el peri\u00f3dico La Diaria, l\u00edderes de la oposici\u00f3n criticaron la medida llevada adelante por V\u00e1zquez. Julio Mar\u00eda Sanguinetti, ex presidente colorado, hab\u00eda dicho el mi\u00e9rcoles al diario local El Pa\u00eds que si el Ejecutivo no le ten\u00eda confianza a Manini R\u00edos pod\u00eda removerlo. \u201cAplicarle 30 d\u00edas de arresto a la m\u00e1xima jerarqu\u00eda del Ej\u00e9rcito es simplemente un intento de humillaci\u00f3n a las Fuerzas Armadas\u201d, escribi\u00f3 Sanguinetti desde su cuenta de Twitter. El ex mandatario conservador dijo, adem\u00e1s, que Manini R\u00edos ten\u00eda raz\u00f3n porque sus dichos, que calific\u00f3 de respetuosos, simplemente defend\u00edan los derechos de sus subordinados, hoy en estado de pobreza, seg\u00fan estim\u00f3 Sanguinetti. El senador Luis Lacalle Pou, del Partido Nacional y ex rival de V\u00e1zquez en las \u00faltimas elecciones reconoci\u00f3 que la medida estaba dentro de las normas del derecho pero rechaz\u00f3 la decisi\u00f3n porque no considera que el militar haya violado la Constituci\u00f3n. Seg\u00fan el diario El Observador, fuentes de alta jerarqu\u00eda dentro del Ej\u00e9rcito tambi\u00e9n consideraron que su Comandante no hab\u00eda faltado a la ley y se mostraron sorprendidos por la severidad de la sanci\u00f3n.<\/p>\n<p>&nbsp;<\/p>\n<p>En el otro extremo del arco pol\u00edtico, los parlamentarios del Frente Amplio, al que pertenece V\u00e1zquez, respaldaron rotundamente la decisi\u00f3n tomada por el mandatario.<\/p>\n","protected":false},"excerpt":{"rendered":"<p>\u201cComentar un proyecto de ley que est\u00e1 en discusi\u00f3n en el Parlamento es una actividad pol\u00edtica\u201d, dijo Tabar\u00e9 V\u00e1zquez sobre su decisi\u00f3n de sancionar a Guido Manini R\u00edos, quien opin\u00f3 de la reforma de retiros y pensiones militares &nbsp; &nbsp; &nbsp; &nbsp; El presidente de Uruguay, Tabar\u00e9 V\u00e1zquez, ratific\u00f3 ayer su decisi\u00f3n de sancionar con 30 d\u00edas de arresto al jefe del Ej\u00e9rcito, Guido Manini R\u00edos, por haber realizado comentarios pol\u00edticos, acto que est\u00e1 prohibido por la Constituci\u00f3n. \u201cManini R\u00edos se equivoc\u00f3 y, en funci\u00f3n de eso, es sancionado\u201d, afirm\u00f3&#8230;<\/p>\n","protected":false},"author":3,"featured_media":33157,"comment_status":"closed","ping_status":"closed","sticky":false,"template":"","format":"standard","meta":[],"categories":[4],"tags":[],"_links":{"self":[{"href":"https:\/\/www.actualidadadiario.com\/index.php\/wp-json\/wp\/v2\/posts\/33156"}],"collection":[{"href":"https:\/\/www.actualidadadiario.com\/index.php\/wp-json\/wp\/v2\/posts"}],"about":[{"href":"https:\/\/www.actualidadadiario.com\/index.php\/wp-json\/wp\/v2\/types\/post"}],"author":[{"embeddable":true,"href":"https:\/\/www.actualidadadiario.com\/index.php\/wp-json\/wp\/v2\/users\/3"}],"replies":[{"embeddable":true,"href":"https:\/\/www.actualidadadiario.com\/index.php\/wp-json\/wp\/v2\/comments?post=33156"}],"version-history":[{"count":1,"href":"https:\/\/www.actualidadadiario.com\/index.php\/wp-json\/wp\/v2\/posts\/33156\/revisions"}],"predecessor-version":[{"id":33158,"href":"https:\/\/www.actualidadadiario.com\/index.php\/wp-json\/wp\/v2\/posts\/33156\/revisions\/33158"}],"wp:featuredmedia":[{"embeddable":true,"href":"https:\/\/www.actualidadadiario.com\/index.php\/wp-json\/wp\/v2\/media\/33157"}],"wp:attachment":[{"href":"https:\/\/www.actualidadadiario.com\/index.php\/wp-json\/wp\/v2\/media?parent=33156"}],"wp:term":[{"taxonomy":"category","embeddable":true,"href":"https:\/\/www.actualidadadiario.com\/index.php\/wp-json\/wp\/v2\/categories?post=33156"},{"taxonomy":"post_tag","embeddable":true,"href":"https:\/\/www.actualidadadiario.com\/index.php\/wp-json\/wp\/v2\/tags?post=33156"}],"curies":[{"name":"wp","href":"https:\/\/api.w.org\/{rel}","templated":true}]}}