{"id":33153,"date":"2018-09-14T10:38:53","date_gmt":"2018-09-14T13:38:53","guid":{"rendered":"https:\/\/www.actualidadadiario.com\/?p=33153"},"modified":"2018-11-06T19:37:46","modified_gmt":"2018-11-06T22:37:46","slug":"el-congreso-espanol-aprobo-la-exhumacion-de-los-restos-del-dictador","status":"publish","type":"post","link":"https:\/\/www.actualidadadiario.com\/index.php\/2018\/09\/14\/el-congreso-espanol-aprobo-la-exhumacion-de-los-restos-del-dictador\/","title":{"rendered":"El Congreso espa\u00f1ol aprob\u00f3 la exhumaci\u00f3n de los restos del dictador"},"content":{"rendered":"<p><em><strong>El decreto del socialista Pedro S\u00e1nchez fue respaldado por todos los partidos pol\u00edticos; el Partido Popular y Ciudadanos se abstuvieron<\/strong><\/em><\/p>\n<p>&nbsp;<\/p>\n<p>&nbsp;<\/p>\n<p>&nbsp;<\/p>\n<p>El Congreso espa\u00f1ol aprob\u00f3 ayer la exhumaci\u00f3n de los restos del dictador Francisco Franco (1936-1975), para sacarlos del Valle de los Ca\u00eddos, el imponente mausoleo donde est\u00e1 enterrado desde su muerte. El decreto ley promulgado en agosto por el socialista Pedro S\u00e1nchez, presidente de Espa\u00f1a, fue respaldado en la C\u00e1mara con el apoyo de todos los grupos y la abstenci\u00f3n del conservador Partido Popular (PP) y del liberal Ciudadanos.<\/p>\n<p>&nbsp;<\/p>\n<p>El proyecto, que esperan se ponga en curso antes de fin de a\u00f1o, modifica la ley de memoria hist\u00f3rica de 2007 a fines de facilitar la exhumaci\u00f3n y blindarla ante posibles demandas de la familia del dictador, que ya anunci\u00f3 el inicio de acciones legales contra el gobierno.<\/p>\n<p>&nbsp;<\/p>\n<p>El Valle de los Ca\u00eddos es un monumento construido entre 1940 y 1958 por orden del dictador y dedicado a todos los ca\u00eddos en la Guerra Civil espa\u00f1ola (1936-1939). El santuario alberga restos de unos 32.000 fallecidos. Desde el anuncio de S\u00e1nchez, miles de espa\u00f1oles y turistas visitan a diario el mausoleo de Franco. La propuesta del l\u00edder del Partido Socialista Obrero Espa\u00f1ol (PSOE) fue una de sus primeras promesas a pocos d\u00edas de asumir el poder tras la moci\u00f3n de censura al conservador y ex presidente Mariano Rajoy. Luego de varias rectificaciones, el ejecutivo logr\u00f3 aprobar el decreto el pasado 24 de agosto. \u201cNo podemos tener el agravio comparativo constante a unas v\u00edctimas que no han recibido el respeto que se merecen\u201d, dijo ayer la vicejefa del Gobierno espa\u00f1ol, Carmen Calvo, en el Congreso. \u201cNo hay respeto mientras los restos de Franco est\u00e9n en el mismo lugar que las v\u00edctimas\u201d, consider\u00f3. Por su parte, S\u00e1nchez celebr\u00f3 la votaci\u00f3n con un mensaje en su cuenta de Twitter: \u201cJusticia. Memoria. Dignidad. Hoy Espa\u00f1a da un paso hist\u00f3rico para la reparaci\u00f3n de los derechos de las v\u00edctimas del franquismo. Hoy nuestra democracia es mejor\u201d.<\/p>\n<p>&nbsp;<\/p>\n<p>Por el contrario, PP y Ciudadanos acusaron al Gobierno de intentar desviar la atenci\u00f3n de la opini\u00f3n p\u00fablica, luego de conocerse ayer declaraciones de diario espa\u00f1oles que acusan a S\u00e1nchez de haber plagiado su tesis doctoral.\u00a0 \u201cLa cortina de humo del cad\u00e1ver de Franco no da para tapar su debilidad, incapacidad e incompetencia\u201d, dijo el diputado de Ciudadanos Jos\u00e9 Manuel Villegas. En la tribuna se encontraba tambi\u00e9n el conocido hispanista irland\u00e9s Ian Gibson, que salud\u00f3 la medida visiblemente emocionado. \u201cHoy es el d\u00eda m\u00e1s feliz de mi vida, llevo 40 a\u00f1os esperando esto. Espa\u00f1a se libera, enfila el camino de la normalidad democr\u00e1tica\u201d, celebr\u00f3 Gibson, seg\u00fan afirm\u00f3 el diario El Pa\u00eds.<\/p>\n<p>&nbsp;<\/p>\n<p>Adem\u00e1s de abrir las puertas a la exhumaci\u00f3n del dictador, la modificaci\u00f3n de la ley supone que a partir de ahora s\u00f3lo podr\u00e1n estar enterrados en el Valle de los Ca\u00eddos, las v\u00edctimas de la guerra civil.<\/p>\n","protected":false},"excerpt":{"rendered":"<p>El decreto del socialista Pedro S\u00e1nchez fue respaldado por todos los partidos pol\u00edticos; el Partido Popular y Ciudadanos se abstuvieron &nbsp; &nbsp; &nbsp; El Congreso espa\u00f1ol aprob\u00f3 ayer la exhumaci\u00f3n de los restos del dictador Francisco Franco (1936-1975), para sacarlos del Valle de los Ca\u00eddos, el imponente mausoleo donde est\u00e1 enterrado desde su muerte. El decreto ley promulgado en agosto por el socialista Pedro S\u00e1nchez, presidente de Espa\u00f1a, fue respaldado en la C\u00e1mara con el apoyo de todos los grupos y la abstenci\u00f3n del conservador Partido Popular (PP) y del&#8230;<\/p>\n","protected":false},"author":3,"featured_media":33154,"comment_status":"closed","ping_status":"closed","sticky":false,"template":"","format":"standard","meta":[],"categories":[4],"tags":[],"_links":{"self":[{"href":"https:\/\/www.actualidadadiario.com\/index.php\/wp-json\/wp\/v2\/posts\/33153"}],"collection":[{"href":"https:\/\/www.actualidadadiario.com\/index.php\/wp-json\/wp\/v2\/posts"}],"about":[{"href":"https:\/\/www.actualidadadiario.com\/index.php\/wp-json\/wp\/v2\/types\/post"}],"author":[{"embeddable":true,"href":"https:\/\/www.actualidadadiario.com\/index.php\/wp-json\/wp\/v2\/users\/3"}],"replies":[{"embeddable":true,"href":"https:\/\/www.actualidadadiario.com\/index.php\/wp-json\/wp\/v2\/comments?post=33153"}],"version-history":[{"count":1,"href":"https:\/\/www.actualidadadiario.com\/index.php\/wp-json\/wp\/v2\/posts\/33153\/revisions"}],"predecessor-version":[{"id":33155,"href":"https:\/\/www.actualidadadiario.com\/index.php\/wp-json\/wp\/v2\/posts\/33153\/revisions\/33155"}],"wp:featuredmedia":[{"embeddable":true,"href":"https:\/\/www.actualidadadiario.com\/index.php\/wp-json\/wp\/v2\/media\/33154"}],"wp:attachment":[{"href":"https:\/\/www.actualidadadiario.com\/index.php\/wp-json\/wp\/v2\/media?parent=33153"}],"wp:term":[{"taxonomy":"category","embeddable":true,"href":"https:\/\/www.actualidadadiario.com\/index.php\/wp-json\/wp\/v2\/categories?post=33153"},{"taxonomy":"post_tag","embeddable":true,"href":"https:\/\/www.actualidadadiario.com\/index.php\/wp-json\/wp\/v2\/tags?post=33153"}],"curies":[{"name":"wp","href":"https:\/\/api.w.org\/{rel}","templated":true}]}}