{"id":33147,"date":"2018-09-14T10:36:42","date_gmt":"2018-09-14T13:36:42","guid":{"rendered":"https:\/\/www.actualidadadiario.com\/?p=33147"},"modified":"2018-11-06T19:37:46","modified_gmt":"2018-11-06T22:37:46","slug":"diputados-de-los-gobernadores-piden-sesion-por-el-fondo-sojero-y-complican-el-presupuesto","status":"publish","type":"post","link":"https:\/\/www.actualidadadiario.com\/index.php\/2018\/09\/14\/diputados-de-los-gobernadores-piden-sesion-por-el-fondo-sojero-y-complican-el-presupuesto\/","title":{"rendered":"Diputados de los gobernadores piden sesi\u00f3n por el Fondo Sojero y complican el presupuesto"},"content":{"rendered":"<p><em><strong>Obligan a Macri a negociar una compensaci\u00f3n urgente en el presupuesto. El kirchnerismo se sum\u00f3<\/strong><\/em><\/p>\n<p>&nbsp;<\/p>\n<p>&nbsp;<\/p>\n<p>&nbsp;<\/p>\n<p>Los diputados del bloque de gobernadores llamaron a una sesi\u00f3n especial para restablecer el fondo federal sojero, que el Gobierno elimin\u00f3 para achicar el d\u00e9ficit fiscal y los mandatarios exigen compensar en el presupuesto.<\/p>\n<p>&nbsp;<\/p>\n<p>Para dejar claro que no ceder\u00e1n, diputados de Tucum\u00e1n, Salta, La Pampa, Entre R\u00edos, San Juan y La Rioja, que integran la bancada Argentina Federal, pidieron una sesi\u00f3n el mi\u00e9rcoles a la 11.30 para tratar los dict\u00e1menes firmados el martes sobre el decreto de necesidad y urgencia que borr\u00f3 el FFS.<\/p>\n<p>&nbsp;<\/p>\n<p>Como explic\u00f3 LPO, si bien Cambiemos logr\u00f3 el despacho de mayor\u00eda, la oposici\u00f3n se uni\u00f3 en el rechazo y si repite esa conducta en ambas C\u00e1maras el decreto quedar\u00e1 anulado y Macri deber\u00eda volver a girar a las provincias el 30% de las retenciones a la soja.<\/p>\n<p>&nbsp;<\/p>\n<p>Para evitarlo, deber\u00e1 dise\u00f1ar una compensaci\u00f3n en \u00a0el presupuesto que llegar\u00e1 el lunes al Congreso empezar\u00e1 a discutirse el jueves en comisiones, con la visita de Nicol\u00e1s Dujovne. S\u00f3lo entre este a\u00f1o y el pr\u00f3ximo, el Fondo Sojero representar\u00eda m\u00e1s de 1000 millones de d\u00f3lares y la mayor parte se iba a girar a los municipios.<\/p>\n<p>&nbsp;<\/p>\n<p>Dujovne planea enviar al Senado una addenda del consenso fiscal que permita a las provincias subir impuestos, pero no dise\u00f1\u00f3 c\u00f3mo sustituir esta cuantiosa partida. Por si fuera poco, los gobernadores se resisten a absorber la tarifa social de luz, que representan 15 mil millones de pesos anuales.<\/p>\n<p>&nbsp;<\/p>\n<p>El pedido de sesi\u00f3n tambi\u00e9n lo firmaron los kirchneristas Fernando Espinoza, Juan Cabandi\u00e9 y Luana Volnovich, y si toda la oposici\u00f3n lo acompa\u00f1a habr\u00e1 qu\u00f3rum para aprobarlo.<\/p>\n<p>&nbsp;<\/p>\n<p>Para evitar una situaci\u00f3n similar, el martes Mauricio Macri restituy\u00f3 beneficios a las asignaciones familiares de zonas desfavorables, porque hab\u00eda otra sesi\u00f3n especial convocada por el massismo para ayer. Este mediod\u00eda\u00a0 no fue posible tratar un temario sobre educaci\u00f3n porque hubo muchas ausencias en Argentina Federal.<\/p>\n","protected":false},"excerpt":{"rendered":"<p>Obligan a Macri a negociar una compensaci\u00f3n urgente en el presupuesto. El kirchnerismo se sum\u00f3 &nbsp; &nbsp; &nbsp; Los diputados del bloque de gobernadores llamaron a una sesi\u00f3n especial para restablecer el fondo federal sojero, que el Gobierno elimin\u00f3 para achicar el d\u00e9ficit fiscal y los mandatarios exigen compensar en el presupuesto. &nbsp; Para dejar claro que no ceder\u00e1n, diputados de Tucum\u00e1n, Salta, La Pampa, Entre R\u00edos, San Juan y La Rioja, que integran la bancada Argentina Federal, pidieron una sesi\u00f3n el mi\u00e9rcoles a la 11.30 para tratar los dict\u00e1menes&#8230;<\/p>\n","protected":false},"author":3,"featured_media":33148,"comment_status":"closed","ping_status":"closed","sticky":false,"template":"","format":"standard","meta":[],"categories":[18],"tags":[],"_links":{"self":[{"href":"https:\/\/www.actualidadadiario.com\/index.php\/wp-json\/wp\/v2\/posts\/33147"}],"collection":[{"href":"https:\/\/www.actualidadadiario.com\/index.php\/wp-json\/wp\/v2\/posts"}],"about":[{"href":"https:\/\/www.actualidadadiario.com\/index.php\/wp-json\/wp\/v2\/types\/post"}],"author":[{"embeddable":true,"href":"https:\/\/www.actualidadadiario.com\/index.php\/wp-json\/wp\/v2\/users\/3"}],"replies":[{"embeddable":true,"href":"https:\/\/www.actualidadadiario.com\/index.php\/wp-json\/wp\/v2\/comments?post=33147"}],"version-history":[{"count":1,"href":"https:\/\/www.actualidadadiario.com\/index.php\/wp-json\/wp\/v2\/posts\/33147\/revisions"}],"predecessor-version":[{"id":33149,"href":"https:\/\/www.actualidadadiario.com\/index.php\/wp-json\/wp\/v2\/posts\/33147\/revisions\/33149"}],"wp:featuredmedia":[{"embeddable":true,"href":"https:\/\/www.actualidadadiario.com\/index.php\/wp-json\/wp\/v2\/media\/33148"}],"wp:attachment":[{"href":"https:\/\/www.actualidadadiario.com\/index.php\/wp-json\/wp\/v2\/media?parent=33147"}],"wp:term":[{"taxonomy":"category","embeddable":true,"href":"https:\/\/www.actualidadadiario.com\/index.php\/wp-json\/wp\/v2\/categories?post=33147"},{"taxonomy":"post_tag","embeddable":true,"href":"https:\/\/www.actualidadadiario.com\/index.php\/wp-json\/wp\/v2\/tags?post=33147"}],"curies":[{"name":"wp","href":"https:\/\/api.w.org\/{rel}","templated":true}]}}