{"id":33144,"date":"2018-09-14T10:35:59","date_gmt":"2018-09-14T13:35:59","guid":{"rendered":"https:\/\/www.actualidadadiario.com\/?p=33144"},"modified":"2018-11-06T19:37:46","modified_gmt":"2018-11-06T22:37:46","slug":"con-la-designacion-del-camarista-bertuzzi-macri-asegura-el-control-del-caso-de-los-cuadernos","status":"publish","type":"post","link":"https:\/\/www.actualidadadiario.com\/index.php\/2018\/09\/14\/con-la-designacion-del-camarista-bertuzzi-macri-asegura-el-control-del-caso-de-los-cuadernos\/","title":{"rendered":"Con la designaci\u00f3n del camarista Bertuzzi, Macri asegura el control del caso de los cuadernos"},"content":{"rendered":"<p><em><strong>Lo design\u00f3 Cambiemos con apoyo de Urtubey en la Magistratura. El Gobierno maniobr\u00f3 para eclipsar a Irurzun<\/strong><\/em><\/p>\n<p>&nbsp;<\/p>\n<p>&nbsp;<\/p>\n<p>&nbsp;<\/p>\n<p>Mauricio Macri logr\u00f3 que designaran a un camarista af\u00edn para tener el control de la causa de los cuadernos de Oscar Centeno y de ese modo tener a raya al juez federal Claudio Bonadio.<\/p>\n<p>&nbsp;<\/p>\n<p>Con los votos de los consejeros de Cambiemos, m\u00e1s aliados y el salte\u00f1o Rodolfo Urtubey, el Consejo de la Magistratura design\u00f3 a Pablo Bertuzzi en la Sala I de la C\u00e1mara Federal, el tribunal encargado de revisar todas las causas de corrupci\u00f3n.<\/p>\n<p>&nbsp;<\/p>\n<p>Pese a la resistencia del kirchnerismo, que argumentaba que hab\u00eda un concurso abierto para cubrir esa vacante, el Gobierno logr\u00f3 imponer a Bertuzzi por 9 votos contra 3. Fue clave el apoyo de Urtubey, que est\u00e1 mucho m\u00e1s cerca del macrismo que su hermano, el gobernador de Salta.<\/p>\n<p>&nbsp;<\/p>\n<p>Con la votaci\u00f3n se rompi\u00f3 el bloque peronista: el senador Mario Pais, del bloque de Miguel Pichetto, vot\u00f3 en contra. Pichetto es hist\u00f3rico aliado de Ricardo Lorenzetti, titular saliente de la Corte Suprema y Urtubey aliado de Macri a tal punto que la Casa Rosada le envi\u00f3 el pliego de In\u00e9s Weinberg de Roca, candidata de Macri para la Procuraci\u00f3n General, sin siquiera avisarle al bloque de Cambiemos.<\/p>\n<p>&nbsp;<\/p>\n<p>El Gobierno maniobr\u00f3 para que la causa de los cuadernos no cayera en control del titular de la Sala II de la C\u00e1mara de Apelaciones en lo Criminal y Correccional Federal, Mart\u00edn Irurzun. Es que si bien gracias a la &#8220;doctrina Irurzun&#8221;, varios ex funcionarios kirchneristas terminaron en la c\u00e1rcel, en el Gobierno saben que no tienen incidencia directa en este camarista con aceitados v\u00ednculos con el PJ y la UCR y un volumen jur\u00eddico y pol\u00edtico que lo hace poco manejable.<\/p>\n<p>&nbsp;<\/p>\n<p>Optaron entonces por encaminar el caso a la Sala I, presidida por Leopoldo Bruglia, que reporta a Alejandro P\u00e9rez Chada, el abogado de Macri. Bruglia, por ende, no tiene margen de maniobra. Ahora esa sala estar\u00e1 integrada adem\u00e1s por Bertuzzi, que tambi\u00e9n responde al macrismo y trabajaba con el difunto fiscal Alberto Nisman. No por nada Irurzun se opon\u00eda a su traslado a la C\u00e1mara.<\/p>\n<p>&nbsp;<\/p>\n<p>Bertuzzi ser\u00e1 en este caso reemplazo del camarista Mariano Llorens, que debi\u00f3 excusarse ya que su primo hermano, Rafael Llorens, fue funcionario de Julio de Vido y es uno de los detenidos. La suerte de la denominada causa m\u00e1s importante de la historia del pa\u00eds, queda as\u00ed en manos de dos camaristas que no fueron nombrados por concurso.<\/p>\n<p>&nbsp;<\/p>\n<p>Todos estos movimientos coordinados en el Consejo por el macrista Mahiques, estuvieron motorizados por el enfado de Macri con Bonadio, a cargo del caso de los cuadernos. El presidente qued\u00f3 molesto con la citaci\u00f3n de su primo Angelo Calcaterra, que se salv\u00f3 de la prisi\u00f3n luego de declarar como arrepentido en el caso de coimas para la obra p\u00fablica kirchnerista.<\/p>\n<p>&nbsp;<\/p>\n<p>La declaraci\u00f3n de algunos empresarios, que amagaron con expandir el caso de los cuadernos para la gesti\u00f3n macrista en la Ciudad, tambi\u00e9n desat\u00f3 la ira presidencial. A Macri no le gust\u00f3 que su familia quedara envuelta en un caso que el pretend\u00eda que se enfocara \u00fanicamente en Cristina Kirchner y su eventual encarcelamiento.<\/p>\n<p>&nbsp;<\/p>\n<p>Pese a la fijaci\u00f3n de Bonadio en la figura de Cristina, en el Gobierno no lo cuentan como un juez af\u00edn y sospechan de su estrecha relaci\u00f3n con el peronismo federal, adem\u00e1s de sus buenas migas con el saliente titular de la Corte, Ricardo Lorenzetti.<\/p>\n<p>&nbsp;<\/p>\n<p>Ahora, se habla de partir la causa de los cuadernos en tres pedazos: Transporte, Obra P\u00fablica y Energ\u00eda. Eventualmente, tambi\u00e9n, abrir un cap\u00edtulo de aportantes truchos. Aunque el fiscal Carlos Stornelli, muy af\u00edn al Gobierno, deslizara que los aportes de la campa\u00f1a de Cambiemos no son ilegales, a\u00fan luego que la propia Corte estableciera que casi el 90 por ciento de los afiliados del PRO son truchos.<\/p>\n<p>&nbsp;<\/p>\n<p>&nbsp;<\/p>\n<p><strong>Terna para reemplazar a Oyarbide<\/strong><\/p>\n<p>En el mismo plenario del Consejo se aprob\u00f3 el giro al Ejecutivo de la terna para cubrir la vacante que dej\u00f3 Norberto Oyarbide en el juzgado nacional de Primera Instancia en lo Criminal y Correccional Federal N\u00famero 5 de la Capital.<\/p>\n<p>&nbsp;<\/p>\n<p>La terna est\u00e1 integrada por Agustina In\u00e9s Rodr\u00edguez, Mar\u00eda Eugenia Capuchetti y Juan Tom\u00e1s Rodr\u00edguez Ponte. Seg\u00fan aseguraron fuentes judiciales a LPO, quienes tienen mayores chances de quedarse con la vacante son Capuchetti y Rodr\u00edguez Ponte.<\/p>\n<p>&nbsp;<\/p>\n<p>En el Gobierno creen que ambos tienen una destacada trayectoria pero a\u00fan no deslizaron preferencias. Se espera que el Ejecutivo, que ahora tiene la responsabilidad de cubrir la vacante, se defina antes de noviembre.<\/p>\n<p>&nbsp;<\/p>\n<p>El objetivo del oficialismo es batir el r\u00e9cord de ternas nombradas en el a\u00f1o respecto de 2017, cuando se elevaron 93. En enero de este a\u00f1o, Macri le traz\u00f3 ese objetivo a la mesa judicial que se re\u00fane con frecuencia en la Rosada y que integran Jos\u00e9 Torello, Fabi\u00e1n &#8220;Pep\u00edn&#8221; Rodr\u00edguez Sim\u00f3n, Germ\u00e1n Garavano, Pablo Clusellas y Mahiques.<\/p>\n","protected":false},"excerpt":{"rendered":"<p>Lo design\u00f3 Cambiemos con apoyo de Urtubey en la Magistratura. El Gobierno maniobr\u00f3 para eclipsar a Irurzun &nbsp; &nbsp; &nbsp; Mauricio Macri logr\u00f3 que designaran a un camarista af\u00edn para tener el control de la causa de los cuadernos de Oscar Centeno y de ese modo tener a raya al juez federal Claudio Bonadio. &nbsp; Con los votos de los consejeros de Cambiemos, m\u00e1s aliados y el salte\u00f1o Rodolfo Urtubey, el Consejo de la Magistratura design\u00f3 a Pablo Bertuzzi en la Sala I de la C\u00e1mara Federal, el tribunal encargado&#8230;<\/p>\n","protected":false},"author":3,"featured_media":33145,"comment_status":"closed","ping_status":"closed","sticky":false,"template":"","format":"standard","meta":[],"categories":[18],"tags":[],"_links":{"self":[{"href":"https:\/\/www.actualidadadiario.com\/index.php\/wp-json\/wp\/v2\/posts\/33144"}],"collection":[{"href":"https:\/\/www.actualidadadiario.com\/index.php\/wp-json\/wp\/v2\/posts"}],"about":[{"href":"https:\/\/www.actualidadadiario.com\/index.php\/wp-json\/wp\/v2\/types\/post"}],"author":[{"embeddable":true,"href":"https:\/\/www.actualidadadiario.com\/index.php\/wp-json\/wp\/v2\/users\/3"}],"replies":[{"embeddable":true,"href":"https:\/\/www.actualidadadiario.com\/index.php\/wp-json\/wp\/v2\/comments?post=33144"}],"version-history":[{"count":1,"href":"https:\/\/www.actualidadadiario.com\/index.php\/wp-json\/wp\/v2\/posts\/33144\/revisions"}],"predecessor-version":[{"id":33146,"href":"https:\/\/www.actualidadadiario.com\/index.php\/wp-json\/wp\/v2\/posts\/33144\/revisions\/33146"}],"wp:featuredmedia":[{"embeddable":true,"href":"https:\/\/www.actualidadadiario.com\/index.php\/wp-json\/wp\/v2\/media\/33145"}],"wp:attachment":[{"href":"https:\/\/www.actualidadadiario.com\/index.php\/wp-json\/wp\/v2\/media?parent=33144"}],"wp:term":[{"taxonomy":"category","embeddable":true,"href":"https:\/\/www.actualidadadiario.com\/index.php\/wp-json\/wp\/v2\/categories?post=33144"},{"taxonomy":"post_tag","embeddable":true,"href":"https:\/\/www.actualidadadiario.com\/index.php\/wp-json\/wp\/v2\/tags?post=33144"}],"curies":[{"name":"wp","href":"https:\/\/api.w.org\/{rel}","templated":true}]}}