{"id":3313,"date":"2016-10-26T09:00:16","date_gmt":"2016-10-26T12:00:16","guid":{"rendered":"http:\/\/actualidadadiario.com\/site\/?p=3313"},"modified":"2016-10-26T09:00:16","modified_gmt":"2016-10-26T12:00:16","slug":"la-corte-dispuso-un-aumento-salarial-del-12-para-todo-el-poder-judicial","status":"publish","type":"post","link":"https:\/\/www.actualidadadiario.com\/index.php\/2016\/10\/26\/la-corte-dispuso-un-aumento-salarial-del-12-para-todo-el-poder-judicial\/","title":{"rendered":"La Corte dispuso un aumento salarial del 12% para todo el Poder Judicial"},"content":{"rendered":"<p><em><strong>Los jueces, magistrados, funcionarios y empleados de la justicia de todo el pa\u00eds recibir\u00e1n un aumento salarial del 12% a partir del 1 de octubre, seg\u00fan dispuso este martes la Corte Suprema de Justicia<\/strong><\/em><\/p>\n<p>&nbsp;<\/p>\n<p>&nbsp;<\/p>\n<p>&nbsp;<\/p>\n<p>&nbsp;<\/p>\n<p>&nbsp;<\/p>\n<p>&nbsp;<\/p>\n<p>As\u00ed lo establece una acordada firmada en la reuni\u00f3n de acuerdos que el m\u00e1ximo tribunal realiza los martes y difundida por su sitio oficial www.cij.gov.ar.<\/p>\n<p>&nbsp;<\/p>\n<p>El incremento ser\u00e1 &#8220;remunerativo y bonificable, para todas las categor\u00edas del escalaf\u00f3n del Poder Judicial de la Naci\u00f3n&#8221;, y con vigencia desde el primer d\u00eda del mes en curso.<\/p>\n<p>&nbsp;<\/p>\n<p>&#8220;Se ha solicitado a la Jefatura de Gabinete de Ministros de la Naci\u00f3n la modificaci\u00f3n de las partidas presupuestarias vigentes para afrontar el correspondiente incremento&#8221;, se\u00f1ala el breve texto de la acordad 35\/16 que rubricaron los cinco integrantes del cuerpo.<\/p>\n<p>&nbsp;<\/p>\n<p>Cabe recordar que este el tercer aumento que dispone la Corte, con el que acumula un 37% en lo que va del a\u00f1o. Los dos anteriores fueron el 1 de enero (10%), el 1 de junio (15%).<\/p>\n","protected":false},"excerpt":{"rendered":"<p>Los jueces, magistrados, funcionarios y empleados de la justicia de todo el pa\u00eds recibir\u00e1n un aumento salarial del 12% a partir del 1 de octubre, seg\u00fan dispuso este martes la Corte Suprema de Justicia &nbsp; &nbsp; &nbsp; &nbsp; &nbsp; &nbsp; As\u00ed lo establece una acordada firmada en la reuni\u00f3n de acuerdos que el m\u00e1ximo tribunal realiza los martes y difundida por su sitio oficial www.cij.gov.ar. &nbsp; El incremento ser\u00e1 &#8220;remunerativo y bonificable, para todas las categor\u00edas del escalaf\u00f3n del Poder Judicial de la Naci\u00f3n&#8221;, y con vigencia desde el primer&#8230;<\/p>\n","protected":false},"author":3,"featured_media":3314,"comment_status":"closed","ping_status":"closed","sticky":false,"template":"","format":"standard","meta":[],"categories":[18],"tags":[],"_links":{"self":[{"href":"https:\/\/www.actualidadadiario.com\/index.php\/wp-json\/wp\/v2\/posts\/3313"}],"collection":[{"href":"https:\/\/www.actualidadadiario.com\/index.php\/wp-json\/wp\/v2\/posts"}],"about":[{"href":"https:\/\/www.actualidadadiario.com\/index.php\/wp-json\/wp\/v2\/types\/post"}],"author":[{"embeddable":true,"href":"https:\/\/www.actualidadadiario.com\/index.php\/wp-json\/wp\/v2\/users\/3"}],"replies":[{"embeddable":true,"href":"https:\/\/www.actualidadadiario.com\/index.php\/wp-json\/wp\/v2\/comments?post=3313"}],"version-history":[{"count":1,"href":"https:\/\/www.actualidadadiario.com\/index.php\/wp-json\/wp\/v2\/posts\/3313\/revisions"}],"predecessor-version":[{"id":3315,"href":"https:\/\/www.actualidadadiario.com\/index.php\/wp-json\/wp\/v2\/posts\/3313\/revisions\/3315"}],"wp:featuredmedia":[{"embeddable":true,"href":"https:\/\/www.actualidadadiario.com\/index.php\/wp-json\/wp\/v2\/media\/3314"}],"wp:attachment":[{"href":"https:\/\/www.actualidadadiario.com\/index.php\/wp-json\/wp\/v2\/media?parent=3313"}],"wp:term":[{"taxonomy":"category","embeddable":true,"href":"https:\/\/www.actualidadadiario.com\/index.php\/wp-json\/wp\/v2\/categories?post=3313"},{"taxonomy":"post_tag","embeddable":true,"href":"https:\/\/www.actualidadadiario.com\/index.php\/wp-json\/wp\/v2\/tags?post=3313"}],"curies":[{"name":"wp","href":"https:\/\/api.w.org\/{rel}","templated":true}]}}