{"id":3310,"date":"2016-10-26T08:59:21","date_gmt":"2016-10-26T11:59:21","guid":{"rendered":"http:\/\/actualidadadiario.com\/site\/?p=3310"},"modified":"2016-10-26T08:59:21","modified_gmt":"2016-10-26T11:59:21","slug":"para-procurador-de-la-corte-mendocina-acusado-del-triple-crimen-es-absolutamente-imputable","status":"publish","type":"post","link":"https:\/\/www.actualidadadiario.com\/index.php\/2016\/10\/26\/para-procurador-de-la-corte-mendocina-acusado-del-triple-crimen-es-absolutamente-imputable\/","title":{"rendered":"Para procurador de la Corte mendocina, acusado del triple crimen es &#8220;absolutamente imputable&#8221;"},"content":{"rendered":"<p><em><strong>El procurador de la Corte de Justicia mendocina afirm\u00f3 que el profesor de taekwondo, Daniel Zalazar, acusado del triple crimen cometido el domingo en Godoy Cruz es &#8220;absolutamente imputable&#8221; y que &#8220;hay suficientes elementos que lo ubican en la escena del crimen<\/strong><\/em><\/p>\n<p>&nbsp;<\/p>\n<p>&nbsp;<\/p>\n<p>&nbsp;<\/p>\n<p>&nbsp;<\/p>\n<p>&nbsp;<\/p>\n<p>&nbsp;<\/p>\n<p>&#8220;Zalazar es absolutamente imputable&#8221;, dijo Alejandro Gull\u00e9 a la prensa, tras lo cual aclar\u00f3 que &#8220;el resultado de pericias&#8221; que se le efectuaron tras su detenci\u00f3n demostraron que &#8220;estuvo ubicado en tiempo y espacio&#8221;.<\/p>\n<p>&nbsp;<\/p>\n<p>El procurador asegur\u00f3 que &#8220;hay suficientes elementos que lo ponen a Zalazar en el lugar del hecho&#8221; y mencion\u00f3 como los indicios m\u00e1s fuertes contra el acusado &#8220;el relato de los ni\u00f1os que dijeron que el agresor en la vivienda era \u00e9l&#8221;.<\/p>\n<p>&nbsp;<\/p>\n<p>En tanto, la beba de diez meses y su hermanito de 11 a\u00f1os continuaban evolucionado favorablemente de las m\u00faltiples heridas cortantes sufridas durante el ataque.<\/p>\n<p>&nbsp;<\/p>\n<p>El velatorio de las v\u00edctimas del triple femicidio, Claudia Arias (31), su t\u00eda Marta Susana Ort\u00edz (53) y su abuela Cecilda Vicenta D\u00edaz de Ort\u00edz (90), se realiz\u00f3 hoy en la cocher\u00eda ubicada en Pellegrini 1375 de Godoy Cruz, cuya calle fue cerrada al tr\u00e1nsito por personal de Tr\u00e1nsito con la apoyatura de la Polic\u00eda provincial.<\/p>\n<p>&nbsp;<\/p>\n<p>Familiares, vecinos y amigos de las v\u00edctimas se acercaron a la casa mortuoria, como as\u00ed tambi\u00e9n personal jer\u00e1rquico y trabajadores de Aguas Mendocinas, la empresa de servicios p\u00fablicos donde Ort\u00edz era jefa de Laboratorio.<\/p>\n<p>&nbsp;<\/p>\n<p>Un ingeniero de esa empresa le coment\u00f3 a T\u00e9lam la consternaci\u00f3n que se vive en la firma, donde no salen de su estupor por el triple crimen.<\/p>\n<p>&nbsp;<\/p>\n<p>El cortejo f\u00fanebre encabezado por el veh\u00edculo que llevaba el ata\u00fad de la abuela conocida como &#8220;Do\u00f1a \u00d1ata&#8221;, seguido por el de su hija Marta y de Claudia, parti\u00f3 alrededor de las 15.40 al cementerio privado Parque Jard\u00edn Mendoza, en el departamento de Luj\u00e1n de Cuyo, previo paso por la puerta de la casa del gobernador Alfredo Cornejo, en se\u00f1al de protesta.<\/p>\n<p>&nbsp;<\/p>\n<p>Rolando Arias, el padre de Claudia, asegur\u00f3 esta ma\u00f1ana que cree que el crimen m\u00faltiple fue &#8220;totalmente premeditado&#8221; y que el hombre detenido &#8220;ten\u00eda pensado hasta el m\u00ednimo detalle&#8221;.<\/p>\n<p>&nbsp;<\/p>\n<p>Por otra parte, una mochila con manchas de sangre fue encontrada hoy en la vivienda de Zalazar (30) y ser\u00e1 peritada en las pr\u00f3ximas horas.<\/p>\n<p>&nbsp;<\/p>\n<p>&#8220;Queremos determinar si esas manchas est\u00e1n vinculadas a los cortes que \u00e9l present\u00f3 en la mano o si tiene rastro de otras personas&#8221;, dijo Gull\u00e9, con respecto al hallazgo que se suma a un cuchillo e indumentaria deportiva ensangrentada que estaban dentro de un contenedor en pleno centro mendocino.<\/p>\n<p>&nbsp;<\/p>\n<p>En tanto, el director del Hospital Humberto Notti, de Mendoza capital, Ra\u00fal Rufeil, se\u00f1al\u00f3 hoy que los chicos heridos &#8220;permanecen internados en el servicio de terapia intensiva&#8221;.<\/p>\n<p>&nbsp;<\/p>\n<p>&#8220;La nena tiene una evoluci\u00f3n favorable, se est\u00e1 retirando el respirador y se han bajado todos los medicamentos inotr\u00f3picos&#8221;, detall\u00f3.<\/p>\n<p>&nbsp;<\/p>\n<p>Adem\u00e1s, se refiri\u00f3 al ni\u00f1o de 11 a\u00f1os que &#8220;persiste al conectado al respirador&#8221; y se recupera de una segunda operaci\u00f3n realizada hoy debido a las m\u00faltiples heridas que ha recibido en el cr\u00e1neo.<\/p>\n<p>&nbsp;<\/p>\n<p>El triple homicida fue trasladado ayer al penal Boulogne Sur Mer de esta capital, donde demostr\u00f3 estar muy tranquilo durante el ingreso y fue alojado en una celda protegida para que no reciba alg\u00fan tipo de represalia por parte de los otros internos del penal.<\/p>\n<p>&nbsp;<\/p>\n<p>El ataque ocurri\u00f3 el domingo cuando Zalazar, se\u00f1alado por dos hermanitos de la familia, ingres\u00f3 a la vivienda ubicada en las calles Entre R\u00edos y Neuqu\u00e9n del Barrio Trapiche de Godoy Cruz, donde discuti\u00f3 con su ex pareja, Claudia Arias, por la realizaci\u00f3n del ADN de la beba y luego la asesin\u00f3 a pu\u00f1aladas junto a su t\u00eda y su abuela.<\/p>\n<p>&nbsp;<\/p>\n<p>El sindicado autor tambi\u00e9n apu\u00f1al\u00f3 a la beba de 10 meses de quien se supone es su hija y a un hermanito de 11 a\u00f1os, mientras que otro de 8 escap\u00f3 y se escondi\u00f3 en el ba\u00fal de un auto por varias horas.<\/p>\n<p>&nbsp;<\/p>\n<p>Luego, el chico llam\u00f3 a su abuela materna por celular en busca de ayuda y pidi\u00f3 &#8220;cinco ambulancias porque est\u00e1n todos muertos&#8221;.<\/p>\n<p>&nbsp;<\/p>\n<p>Sin embargo, el detenido neg\u00f3 ante el fiscal Santiago Garay ser el autor del triple femicidio y si bien admiti\u00f3 haber ido a la casa cuando se retir\u00f3 fue sorprendido por desconocidos con intenciones de robo, aunque no denunci\u00f3 ese supuesto episodio en ninguna comisaria de la zona.<\/p>\n","protected":false},"excerpt":{"rendered":"<p>El procurador de la Corte de Justicia mendocina afirm\u00f3 que el profesor de taekwondo, Daniel Zalazar, acusado del triple crimen cometido el domingo en Godoy Cruz es &#8220;absolutamente imputable&#8221; y que &#8220;hay suficientes elementos que lo ubican en la escena del crimen &nbsp; &nbsp; &nbsp; &nbsp; &nbsp; &nbsp; &#8220;Zalazar es absolutamente imputable&#8221;, dijo Alejandro Gull\u00e9 a la prensa, tras lo cual aclar\u00f3 que &#8220;el resultado de pericias&#8221; que se le efectuaron tras su detenci\u00f3n demostraron que &#8220;estuvo ubicado en tiempo y espacio&#8221;. &nbsp; El procurador asegur\u00f3 que &#8220;hay suficientes elementos&#8230;<\/p>\n","protected":false},"author":3,"featured_media":3311,"comment_status":"closed","ping_status":"closed","sticky":false,"template":"","format":"standard","meta":[],"categories":[4],"tags":[],"_links":{"self":[{"href":"https:\/\/www.actualidadadiario.com\/index.php\/wp-json\/wp\/v2\/posts\/3310"}],"collection":[{"href":"https:\/\/www.actualidadadiario.com\/index.php\/wp-json\/wp\/v2\/posts"}],"about":[{"href":"https:\/\/www.actualidadadiario.com\/index.php\/wp-json\/wp\/v2\/types\/post"}],"author":[{"embeddable":true,"href":"https:\/\/www.actualidadadiario.com\/index.php\/wp-json\/wp\/v2\/users\/3"}],"replies":[{"embeddable":true,"href":"https:\/\/www.actualidadadiario.com\/index.php\/wp-json\/wp\/v2\/comments?post=3310"}],"version-history":[{"count":1,"href":"https:\/\/www.actualidadadiario.com\/index.php\/wp-json\/wp\/v2\/posts\/3310\/revisions"}],"predecessor-version":[{"id":3312,"href":"https:\/\/www.actualidadadiario.com\/index.php\/wp-json\/wp\/v2\/posts\/3310\/revisions\/3312"}],"wp:featuredmedia":[{"embeddable":true,"href":"https:\/\/www.actualidadadiario.com\/index.php\/wp-json\/wp\/v2\/media\/3311"}],"wp:attachment":[{"href":"https:\/\/www.actualidadadiario.com\/index.php\/wp-json\/wp\/v2\/media?parent=3310"}],"wp:term":[{"taxonomy":"category","embeddable":true,"href":"https:\/\/www.actualidadadiario.com\/index.php\/wp-json\/wp\/v2\/categories?post=3310"},{"taxonomy":"post_tag","embeddable":true,"href":"https:\/\/www.actualidadadiario.com\/index.php\/wp-json\/wp\/v2\/tags?post=3310"}],"curies":[{"name":"wp","href":"https:\/\/api.w.org\/{rel}","templated":true}]}}