{"id":3307,"date":"2016-10-26T08:58:28","date_gmt":"2016-10-26T11:58:28","guid":{"rendered":"http:\/\/actualidadadiario.com\/site\/?p=3307"},"modified":"2016-10-26T08:58:28","modified_gmt":"2016-10-26T11:58:28","slug":"basavilbaso-expuso-sobre-los-fondos-de-la-anses-ante-la-bicameral","status":"publish","type":"post","link":"https:\/\/www.actualidadadiario.com\/index.php\/2016\/10\/26\/basavilbaso-expuso-sobre-los-fondos-de-la-anses-ante-la-bicameral\/","title":{"rendered":"Basavilbaso expuso sobre los fondos de la ANSES ante la Bicameral"},"content":{"rendered":"<p><em><strong>El director de la Administraci\u00f3n Nacional de la Seguridad Social (ANSES), Emilio Basavilbaso, inform\u00f3 hoy que el Fondo de Garant\u00edas de Sustentabilidad (FGS) del organismo creci\u00f3 casi un quince por ciento durante los \u00faltimos diez meses, hasta alcanzar los 55 mil millones de d\u00f3lares<\/strong><\/em><\/p>\n<p>&nbsp;<\/p>\n<p>&nbsp;<\/p>\n<p>&nbsp;<\/p>\n<p>&nbsp;<\/p>\n<p>&nbsp;<\/p>\n<p>&nbsp;<\/p>\n<p>Sin embargo, Basavilbaso tambi\u00e9n consign\u00f3 que ANSES estima que el FGS bajar\u00e1 en casi diez mil millones de d\u00f3lares hasta 2020 por el pago del Programa de Reparaci\u00f3n Hist\u00f3rica que aprob\u00f3 el Congreso y est\u00e1 implementando el Poder Ejecutivo Nacional.<\/p>\n<p>&nbsp;<\/p>\n<p>El funcionario coment\u00f3 que a diciembre de 2010 el FGS alcanzaba los 44.141 millones de d\u00f3lares; a diciembre de 2015 llegaba a 48.177 millones de d\u00f3lares y que a septiembre de 2016 estaba en 55 mil millones de d\u00f3lares.<\/p>\n<p>&nbsp;<\/p>\n<p>&#8220;El aumento es considerable. Por a\u00f1o se creci\u00f3 hasta 1,8 por ciento. En los \u00faltimos meses, el Fondo creci\u00f3 un 14,8 por ciento&#8221;, asegur\u00f3 Basavilbaso.<\/p>\n<p>&nbsp;<\/p>\n<p>Adem\u00e1s, afirm\u00f3 que &#8220;el fondo no vendi\u00f3 acciones, sino que se compraron&#8221;, fundamentalmente a YPF &#8220;porque se ve el crecimiento de los valores de las empresas argentinas&#8221;.<\/p>\n<p>&nbsp;<\/p>\n<p>&#8220;La decisi\u00f3n es maximizar el valor del fondo, pagar la reparaci\u00f3n hist\u00f3rica y fomentar obras de infraestructura&#8221;, asever\u00f3 Basavilbaso y a\u00f1adi\u00f3 que &#8220;el fondo financiar\u00e1 al que presente el mejor proyecto&#8221; porque &#8220;ANSES no tiene color pol\u00edtico&#8221;.<\/p>\n<p>&nbsp;<\/p>\n<p>El funcionario tambi\u00e9n dijo que el Programa de Reparaci\u00f3n Hist\u00f3rica se pag\u00f3 con el dinero que ingres\u00f3 por el blanqueo y que se trata de aproximadamente de 300 millones de pesos por d\u00eda.<\/p>\n<p>&nbsp;<\/p>\n<p>El director de ANSES proyect\u00f3 que el FGS finalizar\u00e1 2017 en 56 mil millones de d\u00f3lares y que el a\u00f1o pr\u00f3ximo se pagar\u00e1n 6.613 millones de d\u00f3lares por la reparaci\u00f3n hist\u00f3rica.<\/p>\n<p>&nbsp;<\/p>\n<p>&#8220;Para fin de 2020 estimamos que el FGS, por el pago de la reparaci\u00f3n hist\u00f3rica, ser\u00e1 de 46 MM de d\u00f3lares&#8221;, pronostic\u00f3 tras agregar: &#8220;Si tenemos una deuda con los jubilados debemos pagarlas porque si pagamos la deuda externa, c\u00f3mo no vamos a pagarles a nuestros jubilados&#8221;.<\/p>\n<p>&nbsp;<\/p>\n<p>Por ello, Basavilbaso coment\u00f3 que no se puede predecir m\u00e1s all\u00e1 de 2020 c\u00f3mo va a evolucionar el fondo&#8221;, pero enfatiz\u00f3 que &#8220;en el peor de los escenarios, el fondo alcanzar\u00e1 para pagar todo el programa de reparaci\u00f3n hist\u00f3rica&#8221;.<\/p>\n<p>&nbsp;<\/p>\n<p>&#8220;Pero debemos hacer cambios antes de 2020. Porque hay que llegar preparados a 2035, donde se termina el bono demogr\u00e1fico que tiene la Argentina&#8221;, anticip\u00f3.<\/p>\n<p>&nbsp;<\/p>\n<p>En ese sentido, Basavilbaso opin\u00f3 que &#8220;hay que cambiar el sistema jubilatorio&#8221; a trav\u00e9s de &#8220;una ley que hay que discutir entre todos&#8221;.<\/p>\n<p>&nbsp;<\/p>\n<p>&#8220;Cuando me preguntan si hay que subir la edad jubilatoria, yo respondo que lo mejor que podemos hacer es bajar la informalidad que hoy est\u00e1 en el 40 por ciento. Debemos poner incentivos a los empleadores para que el sistema sea sustentable&#8221;, confi\u00f3.<\/p>\n<p>&nbsp;<\/p>\n<p>Asimismo, detall\u00f3 que &#8220;hace tres a\u00f1os que el sistema es deficitario por la moratoria previsional&#8221;. &#8220;La moratoria es un hecho de justicia. Pero la incorporaci\u00f3n de esos nuevos jubilados hizo que el sistema crujiera. Por eso el margen es 2035&#8221;, indic\u00f3.<\/p>\n<p>&nbsp;<\/p>\n<p>Por otro lado, el director de ANSES tambi\u00e9n adelant\u00f3 la continuidad de programas como PROCREAR y Conectar Igualdad, que se iniciaron durante la gesti\u00f3n del gobierno anterior.<\/p>\n<p>&nbsp;<\/p>\n<p>Sobre PROCREAR, el funcionario inform\u00f3 de la firma de un acta compromiso con un grupo de senadores y diputados de todas las bancadas, con la presencia de la presidenta del Senado, Gabriela Michetti, para ampliar, modificar y perfeccionar las condiciones del programa.<\/p>\n<p>&nbsp;<\/p>\n<p>Al respecto, Basavilbaso mencion\u00f3 que la ampliaci\u00f3n incluir\u00e1 &#8220;a todos los que no terminaron la vivienda pero agotaron el cr\u00e9dito otorgado&#8221;.<\/p>\n<p>&nbsp;<\/p>\n<p>&#8220;A ellos les damos la posibilidad de obtener un segundo tramo a trav\u00e9s de un cr\u00e9dito complementario&#8221;, confirm\u00f3.<\/p>\n<p>&nbsp;<\/p>\n<p>Previamente, el director de ANSES indic\u00f3 que hubo 25.002 ganadores del PROCREAR Bicentenario y de la Soluci\u00f3n Casa Propia.<\/p>\n<p>&nbsp;<\/p>\n<p>En cuanto a Conectar Igualdad, el funcionario mencion\u00f3 que logr\u00f3 bajar los precios de 250 mil netbooks en un veinte por ciento.<\/p>\n<p>&nbsp;<\/p>\n<p>&#8220;Cuando abrimos los sobres, descubrimos que todos los oferentes ten\u00edan una diferencia de hasta un 3 por ciento entre s\u00ed. En esas condiciones no iba a adjudicar ninguna compra. Por eso logramos bajar los precios en un 20 por ciento&#8221;, relat\u00f3.<\/p>\n<p>&nbsp;<\/p>\n<p>Sin embargo, destac\u00f3 que el programa tiene dos problemas: la falta de conexi\u00f3n en las escuelas y la decisi\u00f3n de los docentes de no trabajar con las netbooks.<\/p>\n<p>&nbsp;<\/p>\n<p>Por ello, anticip\u00f3 que a partir del a\u00f1o que viene el plan quedar\u00e1 bajo la \u00f3rbita del Ministerio de Educaci\u00f3n de la Naci\u00f3n.<\/p>\n","protected":false},"excerpt":{"rendered":"<p>El director de la Administraci\u00f3n Nacional de la Seguridad Social (ANSES), Emilio Basavilbaso, inform\u00f3 hoy que el Fondo de Garant\u00edas de Sustentabilidad (FGS) del organismo creci\u00f3 casi un quince por ciento durante los \u00faltimos diez meses, hasta alcanzar los 55 mil millones de d\u00f3lares &nbsp; &nbsp; &nbsp; &nbsp; &nbsp; &nbsp; Sin embargo, Basavilbaso tambi\u00e9n consign\u00f3 que ANSES estima que el FGS bajar\u00e1 en casi diez mil millones de d\u00f3lares hasta 2020 por el pago del Programa de Reparaci\u00f3n Hist\u00f3rica que aprob\u00f3 el Congreso y est\u00e1 implementando el Poder Ejecutivo Nacional&#8230;.<\/p>\n","protected":false},"author":3,"featured_media":3308,"comment_status":"closed","ping_status":"closed","sticky":false,"template":"","format":"standard","meta":[],"categories":[2],"tags":[],"_links":{"self":[{"href":"https:\/\/www.actualidadadiario.com\/index.php\/wp-json\/wp\/v2\/posts\/3307"}],"collection":[{"href":"https:\/\/www.actualidadadiario.com\/index.php\/wp-json\/wp\/v2\/posts"}],"about":[{"href":"https:\/\/www.actualidadadiario.com\/index.php\/wp-json\/wp\/v2\/types\/post"}],"author":[{"embeddable":true,"href":"https:\/\/www.actualidadadiario.com\/index.php\/wp-json\/wp\/v2\/users\/3"}],"replies":[{"embeddable":true,"href":"https:\/\/www.actualidadadiario.com\/index.php\/wp-json\/wp\/v2\/comments?post=3307"}],"version-history":[{"count":1,"href":"https:\/\/www.actualidadadiario.com\/index.php\/wp-json\/wp\/v2\/posts\/3307\/revisions"}],"predecessor-version":[{"id":3309,"href":"https:\/\/www.actualidadadiario.com\/index.php\/wp-json\/wp\/v2\/posts\/3307\/revisions\/3309"}],"wp:featuredmedia":[{"embeddable":true,"href":"https:\/\/www.actualidadadiario.com\/index.php\/wp-json\/wp\/v2\/media\/3308"}],"wp:attachment":[{"href":"https:\/\/www.actualidadadiario.com\/index.php\/wp-json\/wp\/v2\/media?parent=3307"}],"wp:term":[{"taxonomy":"category","embeddable":true,"href":"https:\/\/www.actualidadadiario.com\/index.php\/wp-json\/wp\/v2\/categories?post=3307"},{"taxonomy":"post_tag","embeddable":true,"href":"https:\/\/www.actualidadadiario.com\/index.php\/wp-json\/wp\/v2\/tags?post=3307"}],"curies":[{"name":"wp","href":"https:\/\/api.w.org\/{rel}","templated":true}]}}