{"id":3301,"date":"2016-10-26T08:56:42","date_gmt":"2016-10-26T11:56:42","guid":{"rendered":"http:\/\/actualidadadiario.com\/site\/?p=3301"},"modified":"2016-10-26T09:10:46","modified_gmt":"2016-10-26T12:10:46","slug":"pospusieron-el-tratamiento-en-diputados-de-la-reforma-del-ministerio-publico","status":"publish","type":"post","link":"https:\/\/www.actualidadadiario.com\/index.php\/2016\/10\/26\/pospusieron-el-tratamiento-en-diputados-de-la-reforma-del-ministerio-publico\/","title":{"rendered":"Pospusieron el tratamiento en Diputados de la reforma del Ministerio P\u00fablico"},"content":{"rendered":"<p><em><strong>El oficialismo de la C\u00e1mara de Diputados decidi\u00f3 retirar del temario de la sesi\u00f3n prevista para el mi\u00e9rcoles el proyecto de modificaci\u00f3n del Ministerio P\u00fablico Fiscal, luego del rechazo de la diputada Elisa Carri\u00f3, al que se sumaron jueces y fiscales<\/strong><\/em><\/p>\n<p>&nbsp;<\/p>\n<p>&nbsp;<\/p>\n<p>&nbsp;<\/p>\n<p>&nbsp;<\/p>\n<p>&nbsp;<\/p>\n<p>&nbsp;<\/p>\n<p>La observaci\u00f3n presentada por la l\u00edder de la Coalici\u00f3n C\u00edvica al dictamen de mayor\u00eda que busca acotar el mandato de la actual procuradora general, Alejandra Gils Carb\u00f3, pate\u00f3 el avispero en el frente Cambiemos y sum\u00f3 presi\u00f3n para que el proyecto quedara fuera de la sesi\u00f3n, pese a que el Gobierno contaba con los votos del Frente Renovador.<\/p>\n<p>&nbsp;<\/p>\n<p>De esta manera, solo se tratar\u00e1n en el recinto la ley de participaci\u00f3n p\u00fablico-privada, que ya tiene sanci\u00f3n del Senado, y una nueva ley de subrogancias, supo la agencia NA de fuentes legislativas.<\/p>\n<p>&nbsp;<\/p>\n<p>Adem\u00e1s, se retomar\u00eda el cuarto intermedio al que hab\u00eda pasado el tratamiento de los proyectos comprendidos en el programa Justicia 2020.<\/p>\n<p>&nbsp;<\/p>\n<p>A su vez, podr\u00eda discutirse la llamada ley de emprendedores, que crea las Sociedades por Acciones Simplificadas (SAS), una figura jur\u00eddica que permitir\u00e1 la apertura de una empresa en 24 horas mediante Internet.<\/p>\n","protected":false},"excerpt":{"rendered":"<p>El oficialismo de la C\u00e1mara de Diputados decidi\u00f3 retirar del temario de la sesi\u00f3n prevista para el mi\u00e9rcoles el proyecto de modificaci\u00f3n del Ministerio P\u00fablico Fiscal, luego del rechazo de la diputada Elisa Carri\u00f3, al que se sumaron jueces y fiscales &nbsp; &nbsp; &nbsp; &nbsp; &nbsp; &nbsp; La observaci\u00f3n presentada por la l\u00edder de la Coalici\u00f3n C\u00edvica al dictamen de mayor\u00eda que busca acotar el mandato de la actual procuradora general, Alejandra Gils Carb\u00f3, pate\u00f3 el avispero en el frente Cambiemos y sum\u00f3 presi\u00f3n para que el proyecto quedara fuera&#8230;<\/p>\n","protected":false},"author":3,"featured_media":3302,"comment_status":"closed","ping_status":"closed","sticky":false,"template":"","format":"standard","meta":[],"categories":[9],"tags":[],"_links":{"self":[{"href":"https:\/\/www.actualidadadiario.com\/index.php\/wp-json\/wp\/v2\/posts\/3301"}],"collection":[{"href":"https:\/\/www.actualidadadiario.com\/index.php\/wp-json\/wp\/v2\/posts"}],"about":[{"href":"https:\/\/www.actualidadadiario.com\/index.php\/wp-json\/wp\/v2\/types\/post"}],"author":[{"embeddable":true,"href":"https:\/\/www.actualidadadiario.com\/index.php\/wp-json\/wp\/v2\/users\/3"}],"replies":[{"embeddable":true,"href":"https:\/\/www.actualidadadiario.com\/index.php\/wp-json\/wp\/v2\/comments?post=3301"}],"version-history":[{"count":1,"href":"https:\/\/www.actualidadadiario.com\/index.php\/wp-json\/wp\/v2\/posts\/3301\/revisions"}],"predecessor-version":[{"id":3303,"href":"https:\/\/www.actualidadadiario.com\/index.php\/wp-json\/wp\/v2\/posts\/3301\/revisions\/3303"}],"wp:featuredmedia":[{"embeddable":true,"href":"https:\/\/www.actualidadadiario.com\/index.php\/wp-json\/wp\/v2\/media\/3302"}],"wp:attachment":[{"href":"https:\/\/www.actualidadadiario.com\/index.php\/wp-json\/wp\/v2\/media?parent=3301"}],"wp:term":[{"taxonomy":"category","embeddable":true,"href":"https:\/\/www.actualidadadiario.com\/index.php\/wp-json\/wp\/v2\/categories?post=3301"},{"taxonomy":"post_tag","embeddable":true,"href":"https:\/\/www.actualidadadiario.com\/index.php\/wp-json\/wp\/v2\/tags?post=3301"}],"curies":[{"name":"wp","href":"https:\/\/api.w.org\/{rel}","templated":true}]}}