{"id":3295,"date":"2016-10-26T08:55:00","date_gmt":"2016-10-26T11:55:00","guid":{"rendered":"http:\/\/actualidadadiario.com\/site\/?p=3295"},"modified":"2016-10-26T08:55:00","modified_gmt":"2016-10-26T11:55:00","slug":"segun-el-indec-la-actividad-economica-bajo-26-en-agosto","status":"publish","type":"post","link":"https:\/\/www.actualidadadiario.com\/index.php\/2016\/10\/26\/segun-el-indec-la-actividad-economica-bajo-26-en-agosto\/","title":{"rendered":"Seg\u00fan el INDEC, la actividad econ\u00f3mica baj\u00f3 2,6% en agosto"},"content":{"rendered":"<p><em><strong>La actividad econ\u00f3mica se retrajo 2,6% durante agosto, en comparaci\u00f3n a igual mes del a\u00f1o pasado, debido al menor consumo, y el retroceso fabril y de la construcci\u00f3n, inform\u00f3 hoy el Instituto Nacional de Estad\u00edstica y Censos (Indec)<\/strong><\/em><\/p>\n<p>&nbsp;<\/p>\n<p>&nbsp;<\/p>\n<p>&nbsp;<\/p>\n<p>&nbsp;<\/p>\n<p>&nbsp;<\/p>\n<p>&nbsp;<\/p>\n<p>Sin embargo, el Estimador Mensual de la Actividad Econ\u00f3mica (Emae) present\u00f3 en agosto una suba del 0,2% en relaci\u00f3n a julio, y quebr\u00f3 cuatro meses de ca\u00eddas intermensuales consecutivas.<\/p>\n<p>En lo que va del a\u00f1o, este indicador, que re\u00fane a varios de los componentes que conforman el Producto Bruto Interno (PBI), acumul\u00f3 una merma del 2,3%.<\/p>\n<p>&nbsp;<\/p>\n<p>Durante Agosto, la facturaci\u00f3n de los supermercados avanz\u00f3 21,2% en t\u00e9rminos interanuales, y en los grandes centros de compra 12,6%, seg\u00fan el Indec, variaciones que estuvieron por debajo de los niveles de inflaci\u00f3n registrados por las agencias estatales.<\/p>\n<p>&nbsp;<\/p>\n<p>Estas subas se mostraron por debajo de la registrada por la Oficina de Estad\u00edsticas del Gobierno Porte\u00f1o, que para agosto estim\u00f3 un aumento interanual de los precios del 43,5%, mientras que para su par de San Luis la inflaci\u00f3n minorista subi\u00f3 37,8% en doce meses.<\/p>\n<p>&nbsp;<\/p>\n<p>En tanto, el nivel de actividad de la industria registr\u00f3 en agosto una ca\u00edda de 5,7% respecto de igual mes del a\u00f1o anterior, mientras que la construcci\u00f3n retrocedi\u00f3 3,7% en igual per\u00edodo, inform\u00f3 el Indec.<\/p>\n<p>&nbsp;<\/p>\n<p>Uno de los datos relevantes que surgen de la difusi\u00f3n de ambos indicadores, es que la ca\u00edda en el nivel de actividad fue menor que en julio pasado, cuando la construcci\u00f3n retrocedi\u00f3 23,1% interanual y 7,9% el sector fabril.<\/p>\n<p>&nbsp;<\/p>\n<p>En lo que respecta a la actividad industrial, el Indec inform\u00f3 que en agosto baj\u00f3 5,7% en relaci\u00f3n con igual mes del a\u00f1o pasado, impulsado por el magro desempe\u00f1o de la industria pesada.<\/p>\n<p>&nbsp;<\/p>\n<p>Por su parte, la actividad de la construcci\u00f3n retrocedi\u00f3 3,7% durante agosto y recort\u00f3 el nivel de p\u00e9rdida de dos d\u00edgitos que ven\u00eda mostrando el indicador en los meses previos: en abril baj\u00f3 24%, casi 13% en mayo, 19% en junio y 23,1% en julio.<\/p>\n<p>&nbsp;<\/p>\n<p>En cambio, el Intercambio comercial en agosto dej\u00f3 un super\u00e1vit de u$s 705 millones, una cifra que revierte la p\u00e9rdida de u$s 301 millones registrada en igual mes del a\u00f1o pasado, merced a un aumento en las cantidades exportadas.<\/p>\n<p>&nbsp;<\/p>\n<p>En el sector agr\u00edcola, la cosecha de soja estaba pr\u00e1cticamente concluida, al igual que la siembra de trigo, que alcanzaba al 94 % de la intenci\u00f3n, y se ubicar\u00eda en las 5,19 millones de hect\u00e1reas, casi 20% m\u00e1s que el a\u00f1o pasado, inform\u00f3 el Ministerio de Agroindustria.<\/p>\n","protected":false},"excerpt":{"rendered":"<p>La actividad econ\u00f3mica se retrajo 2,6% durante agosto, en comparaci\u00f3n a igual mes del a\u00f1o pasado, debido al menor consumo, y el retroceso fabril y de la construcci\u00f3n, inform\u00f3 hoy el Instituto Nacional de Estad\u00edstica y Censos (Indec) &nbsp; &nbsp; &nbsp; &nbsp; &nbsp; &nbsp; Sin embargo, el Estimador Mensual de la Actividad Econ\u00f3mica (Emae) present\u00f3 en agosto una suba del 0,2% en relaci\u00f3n a julio, y quebr\u00f3 cuatro meses de ca\u00eddas intermensuales consecutivas. En lo que va del a\u00f1o, este indicador, que re\u00fane a varios de los componentes que conforman&#8230;<\/p>\n","protected":false},"author":3,"featured_media":3296,"comment_status":"closed","ping_status":"closed","sticky":false,"template":"","format":"standard","meta":[],"categories":[2],"tags":[],"_links":{"self":[{"href":"https:\/\/www.actualidadadiario.com\/index.php\/wp-json\/wp\/v2\/posts\/3295"}],"collection":[{"href":"https:\/\/www.actualidadadiario.com\/index.php\/wp-json\/wp\/v2\/posts"}],"about":[{"href":"https:\/\/www.actualidadadiario.com\/index.php\/wp-json\/wp\/v2\/types\/post"}],"author":[{"embeddable":true,"href":"https:\/\/www.actualidadadiario.com\/index.php\/wp-json\/wp\/v2\/users\/3"}],"replies":[{"embeddable":true,"href":"https:\/\/www.actualidadadiario.com\/index.php\/wp-json\/wp\/v2\/comments?post=3295"}],"version-history":[{"count":1,"href":"https:\/\/www.actualidadadiario.com\/index.php\/wp-json\/wp\/v2\/posts\/3295\/revisions"}],"predecessor-version":[{"id":3297,"href":"https:\/\/www.actualidadadiario.com\/index.php\/wp-json\/wp\/v2\/posts\/3295\/revisions\/3297"}],"wp:featuredmedia":[{"embeddable":true,"href":"https:\/\/www.actualidadadiario.com\/index.php\/wp-json\/wp\/v2\/media\/3296"}],"wp:attachment":[{"href":"https:\/\/www.actualidadadiario.com\/index.php\/wp-json\/wp\/v2\/media?parent=3295"}],"wp:term":[{"taxonomy":"category","embeddable":true,"href":"https:\/\/www.actualidadadiario.com\/index.php\/wp-json\/wp\/v2\/categories?post=3295"},{"taxonomy":"post_tag","embeddable":true,"href":"https:\/\/www.actualidadadiario.com\/index.php\/wp-json\/wp\/v2\/tags?post=3295"}],"curies":[{"name":"wp","href":"https:\/\/api.w.org\/{rel}","templated":true}]}}