{"id":3292,"date":"2016-10-26T08:54:00","date_gmt":"2016-10-26T11:54:00","guid":{"rendered":"http:\/\/actualidadadiario.com\/site\/?p=3292"},"modified":"2016-10-26T08:54:00","modified_gmt":"2016-10-26T11:54:00","slug":"las-provincias-prometen-frenar-desborde-de-gasto","status":"publish","type":"post","link":"https:\/\/www.actualidadadiario.com\/index.php\/2016\/10\/26\/las-provincias-prometen-frenar-desborde-de-gasto\/","title":{"rendered":"Las provincias prometen frenar desborde de gasto"},"content":{"rendered":"<p><em><strong>El Consejo Federal de Responsabilidad Fiscal que integran los ministros de Econom\u00eda de las provincias, y que comanda el titular de la Hacienda y Finanzas de Mendoza, Mart\u00edn Kerchner (UCR-Cambiemos), sell\u00f3 ayer con el ministro de Hacienda y Finanzas de la Naci\u00f3n, Alfonso Prat Gay, un acuerdo de metas fiscales, de gasto y endeudamiento para incorporarlas al Presupuesto 2017<\/strong><\/em><\/p>\n<p>&nbsp;<\/p>\n<p>&nbsp;<\/p>\n<p>&nbsp;<\/p>\n<p>&nbsp;<\/p>\n<p>&nbsp;<\/p>\n<p>&nbsp;<\/p>\n<p>Tal como anticip\u00f3 semanas atr\u00e1s \u00c1mbito Nacional, el acuerdo establece que las provincias no gastar\u00e1n el a\u00f1o pr\u00f3ximo m\u00e1s que el crecimiento nominal del PBI, y deber\u00e1n reducir el d\u00e9ficit fiscal en un 10%.<\/p>\n<p>&nbsp;<\/p>\n<p>Sin embargo, el dato saliente del c\u00f3nclave de ayer es que las provincias que no presenten d\u00e9ficit podr\u00e1n endeudarse sin necesidad del aval de Naci\u00f3n, siempre y cuando sea para gastos de capital y para obras.<\/p>\n<p>&nbsp;<\/p>\n<p>En concreto, los puntos a agregar expresan que &#8220;durante el ejercicio fiscal 2017, la tasa nominal de incremento del gasto p\u00fablico corriente primario de la Administraci\u00f3n Nacional, jurisdicciones provinciales y la Ciudad Aut\u00f3noma de Buenos Aires, no podr\u00e1 superar la tasa acumulada de aumento nominal de PBI a precios de mercado informado por el INDEC&#8221;.<\/p>\n<p>&nbsp;<\/p>\n<p>&nbsp;<\/p>\n<p>&nbsp;<\/p>\n<p><strong>Compromiso<\/strong><\/p>\n<p>Adem\u00e1s, los distritos &#8220;que hayan ejecutado resultado primario deficitario para el ejercicio fiscal 2016&#8221; deber\u00e1n ejecutar el a\u00f1o pr\u00f3ximo &#8220;una disminuci\u00f3n del 10% de dicho resultado, expresado en porcentaje del PBI&#8221;.<\/p>\n<p>&nbsp;<\/p>\n<p>En cuanto a las provincias que hayan &#8220;alcanzado resultado financiero positivo, gozar\u00e1n de la eliminaci\u00f3n de las autorizaciones de endeudamiento&#8221; -es decir, el aval de Naci\u00f3n- en &#8220;operaciones de cr\u00e9dito p\u00fablico para obras de infraestructura, con la limitaci\u00f3n de que no revierta el signo del resultado&#8221;.<\/p>\n<p>&nbsp;<\/p>\n<p>&#8220;Ahora esperamos que todas las provincias lleguen a los objetivos y no s\u00f3lo algunas, como pas\u00f3 en los \u00faltimos a\u00f1os. Y tampoco habr\u00e1 espacio para quejas porque el documento fue firmado de manera un\u00e1nime, excepto a algunas ausencias con aviso (Buenos Aires, Santa Fe, entre otras)&#8221;, destacaron ayer a este diario desde Casa Rosada.<\/p>\n<p>&nbsp;<\/p>\n<p>Una vez llegado al consenso, Prat Gay envi\u00f3 la resoluci\u00f3n a la Comisi\u00f3n de Presupuesto y Hacienda de la C\u00e1mara de Diputados de la Naci\u00f3n que comanda Luciano Laspina (PRO-Santa Fe), para incorporarlos a la ley de gastos que se dictaminar\u00eda ma\u00f1ana.<\/p>\n<p>&nbsp;<\/p>\n<p>En tanto, para el 22 de noviembre pr\u00f3ximo, los referentes econ\u00f3micos de las provincias tendr\u00e1n una reuni\u00f3n a\u00fan m\u00e1s delicada con Naci\u00f3n, ya que se tratar\u00e1 un borrador de reforma integral del R\u00e9gimen Federal de Responsabilidad Fiscal, que deber\u00eda entrar en vigencia a partir de 2018.<\/p>\n","protected":false},"excerpt":{"rendered":"<p>El Consejo Federal de Responsabilidad Fiscal que integran los ministros de Econom\u00eda de las provincias, y que comanda el titular de la Hacienda y Finanzas de Mendoza, Mart\u00edn Kerchner (UCR-Cambiemos), sell\u00f3 ayer con el ministro de Hacienda y Finanzas de la Naci\u00f3n, Alfonso Prat Gay, un acuerdo de metas fiscales, de gasto y endeudamiento para incorporarlas al Presupuesto 2017 &nbsp; &nbsp; &nbsp; &nbsp; &nbsp; &nbsp; Tal como anticip\u00f3 semanas atr\u00e1s \u00c1mbito Nacional, el acuerdo establece que las provincias no gastar\u00e1n el a\u00f1o pr\u00f3ximo m\u00e1s que el crecimiento nominal del PBI,&#8230;<\/p>\n","protected":false},"author":3,"featured_media":3293,"comment_status":"closed","ping_status":"closed","sticky":false,"template":"","format":"standard","meta":[],"categories":[2],"tags":[],"_links":{"self":[{"href":"https:\/\/www.actualidadadiario.com\/index.php\/wp-json\/wp\/v2\/posts\/3292"}],"collection":[{"href":"https:\/\/www.actualidadadiario.com\/index.php\/wp-json\/wp\/v2\/posts"}],"about":[{"href":"https:\/\/www.actualidadadiario.com\/index.php\/wp-json\/wp\/v2\/types\/post"}],"author":[{"embeddable":true,"href":"https:\/\/www.actualidadadiario.com\/index.php\/wp-json\/wp\/v2\/users\/3"}],"replies":[{"embeddable":true,"href":"https:\/\/www.actualidadadiario.com\/index.php\/wp-json\/wp\/v2\/comments?post=3292"}],"version-history":[{"count":1,"href":"https:\/\/www.actualidadadiario.com\/index.php\/wp-json\/wp\/v2\/posts\/3292\/revisions"}],"predecessor-version":[{"id":3294,"href":"https:\/\/www.actualidadadiario.com\/index.php\/wp-json\/wp\/v2\/posts\/3292\/revisions\/3294"}],"wp:featuredmedia":[{"embeddable":true,"href":"https:\/\/www.actualidadadiario.com\/index.php\/wp-json\/wp\/v2\/media\/3293"}],"wp:attachment":[{"href":"https:\/\/www.actualidadadiario.com\/index.php\/wp-json\/wp\/v2\/media?parent=3292"}],"wp:term":[{"taxonomy":"category","embeddable":true,"href":"https:\/\/www.actualidadadiario.com\/index.php\/wp-json\/wp\/v2\/categories?post=3292"},{"taxonomy":"post_tag","embeddable":true,"href":"https:\/\/www.actualidadadiario.com\/index.php\/wp-json\/wp\/v2\/tags?post=3292"}],"curies":[{"name":"wp","href":"https:\/\/api.w.org\/{rel}","templated":true}]}}