{"id":32913,"date":"2018-09-10T11:19:31","date_gmt":"2018-09-10T14:19:31","guid":{"rendered":"https:\/\/www.actualidadadiario.com\/?p=32913"},"modified":"2018-11-06T19:38:04","modified_gmt":"2018-11-06T22:38:04","slug":"murio-la-madre-de-la-plaza-celia-de-prosperi","status":"publish","type":"post","link":"https:\/\/www.actualidadadiario.com\/index.php\/2018\/09\/10\/murio-la-madre-de-la-plaza-celia-de-prosperi\/","title":{"rendered":"Muri\u00f3 la Madre de la Plaza Celia de Pr\u00f3speri"},"content":{"rendered":"<p><em><strong>Celia de Pr\u00f3speri era una de las incansables luchadoras de la organizaci\u00f3n de Derechos Humanos. La entidad la despidi\u00f3 con un emotivo mensaje<\/strong><\/em><\/p>\n<p>&nbsp;<\/p>\n<p>&nbsp;<\/p>\n<p>&nbsp;<\/p>\n<p>\u201cHasta siempre, querida Chela, Madre de 30.000\u201d, encabez\u00f3 su mensaje en las redes sociales la organizaci\u00f3n Madres de Plaza de Mayo este domingo, como forma de dar a conocer la triste noticia del fallecimiento de Celia de Pr\u00f3speri.<\/p>\n<p>&nbsp;<\/p>\n<p>\u201cLuchadora incansable hasta el \u00faltimo d\u00eda\u201d, a\u00f1adi\u00f3 la agrupaci\u00f3n liderada por Hebe de Bonafini.<\/p>\n<p>&nbsp;<\/p>\n<p>\u201c\u00a1Estar\u00e1s presente en cada lucha! \u00a1Ni un paso atr\u00e1s!\u00b7, complet\u00f3.<\/p>\n","protected":false},"excerpt":{"rendered":"<p>Celia de Pr\u00f3speri era una de las incansables luchadoras de la organizaci\u00f3n de Derechos Humanos. La entidad la despidi\u00f3 con un emotivo mensaje &nbsp; &nbsp; &nbsp; \u201cHasta siempre, querida Chela, Madre de 30.000\u201d, encabez\u00f3 su mensaje en las redes sociales la organizaci\u00f3n Madres de Plaza de Mayo este domingo, como forma de dar a conocer la triste noticia del fallecimiento de Celia de Pr\u00f3speri. &nbsp; \u201cLuchadora incansable hasta el \u00faltimo d\u00eda\u201d, a\u00f1adi\u00f3 la agrupaci\u00f3n liderada por Hebe de Bonafini. &nbsp; \u201c\u00a1Estar\u00e1s presente en cada lucha! \u00a1Ni un paso atr\u00e1s!\u00b7, complet\u00f3.<\/p>\n","protected":false},"author":3,"featured_media":32914,"comment_status":"closed","ping_status":"closed","sticky":false,"template":"","format":"standard","meta":[],"categories":[4],"tags":[],"_links":{"self":[{"href":"https:\/\/www.actualidadadiario.com\/index.php\/wp-json\/wp\/v2\/posts\/32913"}],"collection":[{"href":"https:\/\/www.actualidadadiario.com\/index.php\/wp-json\/wp\/v2\/posts"}],"about":[{"href":"https:\/\/www.actualidadadiario.com\/index.php\/wp-json\/wp\/v2\/types\/post"}],"author":[{"embeddable":true,"href":"https:\/\/www.actualidadadiario.com\/index.php\/wp-json\/wp\/v2\/users\/3"}],"replies":[{"embeddable":true,"href":"https:\/\/www.actualidadadiario.com\/index.php\/wp-json\/wp\/v2\/comments?post=32913"}],"version-history":[{"count":1,"href":"https:\/\/www.actualidadadiario.com\/index.php\/wp-json\/wp\/v2\/posts\/32913\/revisions"}],"predecessor-version":[{"id":32915,"href":"https:\/\/www.actualidadadiario.com\/index.php\/wp-json\/wp\/v2\/posts\/32913\/revisions\/32915"}],"wp:featuredmedia":[{"embeddable":true,"href":"https:\/\/www.actualidadadiario.com\/index.php\/wp-json\/wp\/v2\/media\/32914"}],"wp:attachment":[{"href":"https:\/\/www.actualidadadiario.com\/index.php\/wp-json\/wp\/v2\/media?parent=32913"}],"wp:term":[{"taxonomy":"category","embeddable":true,"href":"https:\/\/www.actualidadadiario.com\/index.php\/wp-json\/wp\/v2\/categories?post=32913"},{"taxonomy":"post_tag","embeddable":true,"href":"https:\/\/www.actualidadadiario.com\/index.php\/wp-json\/wp\/v2\/tags?post=32913"}],"curies":[{"name":"wp","href":"https:\/\/api.w.org\/{rel}","templated":true}]}}