{"id":32910,"date":"2018-09-10T11:18:52","date_gmt":"2018-09-10T14:18:52","guid":{"rendered":"https:\/\/www.actualidadadiario.com\/?p=32910"},"modified":"2018-11-06T19:38:04","modified_gmt":"2018-11-06T22:38:04","slug":"legisladores-chilenos-denuncian-que-se-incumplen-pactos-de-dd-hh","status":"publish","type":"post","link":"https:\/\/www.actualidadadiario.com\/index.php\/2018\/09\/10\/legisladores-chilenos-denuncian-que-se-incumplen-pactos-de-dd-hh\/","title":{"rendered":"Legisladores chilenos denuncian que se incumplen pactos de DD.HH."},"content":{"rendered":"<p><em><strong>Tres magistrados de la Corte Suprema dieron libertad condicional a condenados por delitos de lesa humanidad. Ante esto, parlamentarios de izquierda presentaron una acusaci\u00f3n constitucional en su contra<\/strong><\/em><\/p>\n<p>&nbsp;<\/p>\n<p>&nbsp;<\/p>\n<p>&nbsp;<\/p>\n<p>El Frente Amplio y la Nueva Mayor\u00eda presentaron una acusaci\u00f3n constitucional contra tres jueces de la Corte Suprema de Chile por beneficiar con libertad condicional a condenados por delitos de lesa humanidad. Los parlamentarios de izquierda acusan a los magistrados Carlos K\u00fcnsem\u00fcller, Hugo Dolmestch y Manuel Valderrama, de no atenerse a las normas sobre los derechos humanos y de incumplir los pactos internacionales que legislan sobre esta materia.<\/p>\n<p>&nbsp;<\/p>\n<p>La decisi\u00f3n de la Corte tuvo lugar en julio cuando benefici\u00f3 con dicho recurso a un suboficial, un excoronel del ej\u00e9rcito y un ex brigadier, todos vinculados a la \u00faltima dictadura chilena. La medida fue tomada pese a la resoluci\u00f3n previa de la comisi\u00f3n de libertad condicional, que hab\u00eda considerado que los informes psicol\u00f3gicos no acreditaban ni correcci\u00f3n ni rehabilitaci\u00f3n. La acusaci\u00f3n presentada el pasado 22 de agosto ser\u00e1 debatida el pr\u00f3ximo viernes en diputados. En una primera instancia se revisar\u00e1 si la acusaci\u00f3n cumple con los requisitos constitucionales. En caso de que se declare constitucional, los diputados emitir\u00e1n su voto. El Senado dar\u00eda la \u00faltima palabra.<\/p>\n<p>&nbsp;<\/p>\n<p>Carmen Hertz, del Partido Comunista de Chile (PC) y reconocida defensora de los derechos humanos, fue la vocera de la iniciativa. \u201cHoy estamos haciendo uso de esta herramienta, a la cual estamos obligados porque se ha vulnerado el orden internacional y con esto se pone al Estado de Chile en una situaci\u00f3n de vulnerabilidad\u201d, asegur\u00f3 la parlamentaria al presentar la acusaci\u00f3n, seg\u00fan el informativo UChile. \u201cNo estamos invadiendo, como se ha pretendido (decir), ninguna autonom\u00eda judicial. Esta acusaci\u00f3n constitucional no tiene por objeto ni revisar un fallo, ni corregirlo, no es ese el objetivo de la acusaci\u00f3n constitucional, sino hacer objetiva la responsabilidad pol\u00edtica que nosotros estimamos existe en estos tres magistrados que han vulnerado las normas del orden internacional, ni m\u00e1s ni menos que en la protecci\u00f3n de los derechos humanos\u201d, agreg\u00f3 Hertz. La bancada de izquierda asegura que la decisi\u00f3n de los magistrados chilenos pas\u00f3 por alto los requisitos que establecen los organismos internacionales.<\/p>\n<p>&nbsp;<\/p>\n<p>Tan pronto la izquierda present\u00f3 el recurso, la ultraconservadora Uni\u00f3n Democr\u00e1tica Independiente (UDI) busc\u00f3 anular la acusaci\u00f3n, declarando vicios de forma en su presentaci\u00f3n. La UDI aleg\u00f3 que Hertz tiene un inter\u00e9s particular en esta causa por su conocida trayectoria en la defensa de derechos humanos y en particular por haber sido querellante en el caso Caravana de la Muerte, donde fue asesinada su pareja. \u201cJustamente la calidad de v\u00edctima y, en este caso, de querellante de la diputada Carmen Hertz en un proceso que va a ser visto pr\u00f3ximamente por la Corte Suprema y particularmente por la Sala Penal donde se est\u00e1n imputando a tres ministros, es lo que la hace tener un conflicto de inter\u00e9s evidente al momento de interponer esta acusaci\u00f3n constitucional. Esto no es querer ganar por secretar\u00eda, es demostrar y evidenciar que esta acusaci\u00f3n constitucional no solamente adolece de total fundamento en el fondo sino que tambi\u00e9n tiene vicios de forma que la hacen inv\u00e1lida\u201d, declar\u00f3 el diputado por el UDI, Javier Macaya, a UChile.<\/p>\n<p>&nbsp;<\/p>\n<p>Mientras miembros de la Corte son acusados por otorgar libertad condicional a personas que ejecutaron delitos de lesa humanidad en la \u00faltima dictadura chilena, ayer miles de personas recordaron a las v\u00edctimas de la dictadura, en las v\u00edsperas del 45 aniversario del golpe de estado. La marcha, convocada por organizaciones sociales y pro derechos humanos, se realiz\u00f3 bajo el lema \u201cA 45 a\u00f1os del Golpe Militar, seguimos luchando por verdad y justicia\u201d.<\/p>\n<p>&nbsp;<\/p>\n<p>La romer\u00eda comenz\u00f3 en la Plaza Los H\u00e9roes y avanz\u00f3 por el centro de la capital chilena hasta el Cementerio General, donde reposan los restos de Salvador Allende y memoriales que recuerdan las v\u00edctimas. Las agrupaciones y entidades que participaron portaban carteles y pancartas con llamados a acabar con la impunidad de los cr\u00edmenes de lesa humanidad. Los miembros de la Agrupaci\u00f3n de Familiares de Detenidos Desaparecidos, una de las entidades que convoc\u00f3 la movilizaci\u00f3n, marcharon con fotograf\u00edas de las v\u00edctimas del r\u00e9gimen.<\/p>\n<p>&nbsp;<\/p>\n<p>La diputada Hertz calific\u00f3 de lamentable a la gesti\u00f3n de Sebasti\u00e1n Pi\u00f1era, especialmente por los cuestionamientos sobre su pol\u00edtica de derechos humanos. \u201cEste Gobierno se estren\u00f3 retirando el aporte reparatorio a los presos pol\u00edticos v\u00edctimas de tortura. Despu\u00e9s se hace una relativizaci\u00f3n evidente de los cr\u00edmenes de exterminios, por lo tanto, el balance que podemos hacer en esta materia es m\u00edsero\u201d, se\u00f1al\u00f3 la diputada de PC. Por su parte, Alicia Lira, presidenta de la Agrupaci\u00f3n de Familiares de Ejecutados Pol\u00edticos, acus\u00f3 ayer al mandatario de encabezar una campa\u00f1a de impunidad junto a los tres jueces acusados. \u201cVer al presidente de la Corte Suprema reunirse con Pi\u00f1era, que tiene un compromiso con militares condenados por violaciones a los derechos humanos, realmente demuestra que aqu\u00ed no hay voluntad de los poderes del Estado de hacer justicia\u201d, afirm\u00f3.<\/p>\n<p>&nbsp;<\/p>\n<p>El presidente chileno estuvo tambi\u00e9n en el centro de las cr\u00edticas, recientemente, cuando tuvo que destituir a un reci\u00e9n nombrado ministro, por sus cr\u00edticas al Museo de la Memoria. En este contexto, autoridades de gobierno y los partidos conservadores que lo respaldan, plantearon la necesidad de analizar el contexto pol\u00edtico y social de Chile antes del alzamiento militar liderado por Pinochet. En este sentido, el s\u00e1bado Pi\u00f1era declar\u00f3 en el diario La Tercera que la democracia chilena estaba gravemente enferma antes del 11 de septiembre de 1973. Sin embargo, aleg\u00f3 que eso no justificaba las violaciones a las cometidas a los derechos humanos. La oposici\u00f3n interpret\u00f3 las declaraciones del presidente como un intento de justificar el golpe de Estado.<\/p>\n","protected":false},"excerpt":{"rendered":"<p>Tres magistrados de la Corte Suprema dieron libertad condicional a condenados por delitos de lesa humanidad. Ante esto, parlamentarios de izquierda presentaron una acusaci\u00f3n constitucional en su contra &nbsp; &nbsp; &nbsp; El Frente Amplio y la Nueva Mayor\u00eda presentaron una acusaci\u00f3n constitucional contra tres jueces de la Corte Suprema de Chile por beneficiar con libertad condicional a condenados por delitos de lesa humanidad. Los parlamentarios de izquierda acusan a los magistrados Carlos K\u00fcnsem\u00fcller, Hugo Dolmestch y Manuel Valderrama, de no atenerse a las normas sobre los derechos humanos y de&#8230;<\/p>\n","protected":false},"author":3,"featured_media":32911,"comment_status":"closed","ping_status":"closed","sticky":false,"template":"","format":"standard","meta":[],"categories":[4],"tags":[],"_links":{"self":[{"href":"https:\/\/www.actualidadadiario.com\/index.php\/wp-json\/wp\/v2\/posts\/32910"}],"collection":[{"href":"https:\/\/www.actualidadadiario.com\/index.php\/wp-json\/wp\/v2\/posts"}],"about":[{"href":"https:\/\/www.actualidadadiario.com\/index.php\/wp-json\/wp\/v2\/types\/post"}],"author":[{"embeddable":true,"href":"https:\/\/www.actualidadadiario.com\/index.php\/wp-json\/wp\/v2\/users\/3"}],"replies":[{"embeddable":true,"href":"https:\/\/www.actualidadadiario.com\/index.php\/wp-json\/wp\/v2\/comments?post=32910"}],"version-history":[{"count":1,"href":"https:\/\/www.actualidadadiario.com\/index.php\/wp-json\/wp\/v2\/posts\/32910\/revisions"}],"predecessor-version":[{"id":32912,"href":"https:\/\/www.actualidadadiario.com\/index.php\/wp-json\/wp\/v2\/posts\/32910\/revisions\/32912"}],"wp:featuredmedia":[{"embeddable":true,"href":"https:\/\/www.actualidadadiario.com\/index.php\/wp-json\/wp\/v2\/media\/32911"}],"wp:attachment":[{"href":"https:\/\/www.actualidadadiario.com\/index.php\/wp-json\/wp\/v2\/media?parent=32910"}],"wp:term":[{"taxonomy":"category","embeddable":true,"href":"https:\/\/www.actualidadadiario.com\/index.php\/wp-json\/wp\/v2\/categories?post=32910"},{"taxonomy":"post_tag","embeddable":true,"href":"https:\/\/www.actualidadadiario.com\/index.php\/wp-json\/wp\/v2\/tags?post=32910"}],"curies":[{"name":"wp","href":"https:\/\/api.w.org\/{rel}","templated":true}]}}