{"id":32901,"date":"2018-09-10T11:16:29","date_gmt":"2018-09-10T14:16:29","guid":{"rendered":"https:\/\/www.actualidadadiario.com\/?p=32901"},"modified":"2018-11-06T19:38:04","modified_gmt":"2018-11-06T22:38:04","slug":"en-noviembre-volveran-a-subir-las-tarifas-de-luz","status":"publish","type":"post","link":"https:\/\/www.actualidadadiario.com\/index.php\/2018\/09\/10\/en-noviembre-volveran-a-subir-las-tarifas-de-luz\/","title":{"rendered":"En noviembre volver\u00e1n a subir las tarifas de luz"},"content":{"rendered":"<p><em><strong>Cuando todav\u00eda no est\u00e1 claro cu\u00e1l ser\u00e1 el aumento del gas para el p\u00fablico en octubre, el Gobierno anunci\u00f3 medidas para atenuar el alza en electricidad que se concretar\u00e1 un mes despu\u00e9s<\/strong><\/em><\/p>\n<p>&nbsp;<\/p>\n<p>&nbsp;<\/p>\n<p>&nbsp;<\/p>\n<p>El secretario de Energ\u00eda, Javier Iguacel, inform\u00f3 que el viernes se realiz\u00f3 una licitaci\u00f3n para comprar gas destinado a Cammesa, la empresa controlada por el Estado que opera el despacho el\u00e9ctrico, en la cual se logr\u00f3 un precio promedio de u$s3, 69 por mill\u00f3n de btu. Esto significa una rebaja del 12% en d\u00f3lares con relaci\u00f3n al valor de u$s4, 20 fijado a partir del 1 de agosto por resoluci\u00f3n oficial, y del 29% con relaci\u00f3n al precio vigente hasta el 31 de julio.<\/p>\n<p>&nbsp;<\/p>\n<p>Pero en la pr\u00e1ctica tambi\u00e9n implica un aumento del precio del gas en pesos que se trasladar\u00e1 a los usuarios de todo el pa\u00eds a trav\u00e9s de un alza en el valor mayorista de la energ\u00eda a partir del 1 de noviembre. Esto es as\u00ed porque cuando se dispuso el precio de u$s4, 20 a fines de julio, se estim\u00f3 que el tipo de cambio se iba a ubicar en $30 durante el trimestre agosto-octubre, lo que daba un valor de $126 por mill\u00f3n de btu. Si se toma un pron\u00f3stico muy cauto de un d\u00f3lar a $40 para el per\u00edodo noviembre-enero, el precio del gas que se licit\u00f3 ser\u00e1 de $147,6, un 17% m\u00e1s que el vigente hasta ahora.<\/p>\n<p>&nbsp;<\/p>\n<p>Pero habr\u00e1 que ver en la pr\u00e1ctica c\u00f3mo se traslada ese aumento al precio de la energ\u00eda. Esto es as\u00ed porque las ofertas recibidas son por gas interrumpible, es decir que se puede cortar si hay otras prioridades, y resta saber el precio del producto en firme para asegurar la generaci\u00f3n el\u00e9ctrica desde el 1 de noviembre al 31 de enero.<\/p>\n<p>&nbsp;<\/p>\n<p>&nbsp;<\/p>\n<p><strong>Ajustes<\/strong><\/p>\n<p>El precio mayorista de la energ\u00eda se ajusta, seg\u00fan el marco regulatorio dispuesto durante las privatizaciones realizadas en la d\u00e9cada del 90, en el mes de mayo al principio de la temporada invernal, y en noviembre cuando empieza el verano. Si el ajuste result\u00f3 excesivo o insuficiente, puede modificarse en agosto y en febrero.<\/p>\n<p>&nbsp;<\/p>\n<p>Este a\u00f1o, el precio de la energ\u00eda se ajust\u00f3 en febrero, se mantuvo en mayo, volvi\u00f3 a subir en agosto, y ahora se anuncia otro aumento a partir de noviembre.<\/p>\n<p>&nbsp;<\/p>\n<p>Cuando se fija el precio de la energ\u00eda al inicio de cada trimestre se estima el comportamiento de la oferta y la demanda el\u00e9ctrica, y el precio del gas o de los combustibles l\u00edquidos que se usan para generar, adem\u00e1s del precio pactado en los contratos con Cammesa para el suministro de electricidad que corresponde a licitaciones realizadas por el gobierno a partir de 2016.<\/p>\n<p>&nbsp;<\/p>\n<p>Si se toma solo el precio del gas para generar, falta estimar cu\u00e1nto costar\u00e1 el gas en firme, y sobre todo cu\u00e1nto costar\u00e1 ese producto en enero. Porque la licitaci\u00f3n realizada por Cammesa se refiere al gas interrumpible de setiembre a diciembre, meses en los que como no hace fr\u00edo ni todav\u00eda calor, hay un sobrante del fluido que en realidad no es sobrante, porque en esos meses se siguen importando de Bolivia unos 16 millones de metros c\u00fabicos por d\u00eda.<\/p>\n<p>&nbsp;<\/p>\n<p>&nbsp;<\/p>\n<p><strong>Clima<\/strong><\/p>\n<p>Pero en enero la situaci\u00f3n cambia porque con las altas temperaturas y el uso de aparatos de aire acondicionado, el sobrante por lo menos se limita, al punto que en el primer mes de este a\u00f1o se debi\u00f3 usar en algunas jornadas GNL importado en barco y regasificado en Escobar y Bah\u00eda Blanca.<\/p>\n<p>&nbsp;<\/p>\n<p>Para el pr\u00f3ximo verano, la cartera energ\u00e9tica conf\u00eda en que eso no ocurrir\u00e1 por el alza en la producci\u00f3n de gas que est\u00e1 obteniendo el grupo Techint en Fort\u00edn de Piedra, una de las pocas \u00e1reas que tiene un precio asegurado por el Estado consistente en u$s7,50 por mill\u00f3n de btu. De todos modos falta todav\u00eda ver c\u00f3mo se administran las anunciadas exportaciones a Chile para saber si habr\u00e1 excedente como para no tener que usar GNL.<\/p>\n<p>&nbsp;<\/p>\n<p>As\u00ed, el precio mayorista de la energ\u00eda a fijar desde el 1 de noviembre depender\u00e1 del precio del gas firme, del precio del gas en enero, y de la provisi\u00f3n de electricidad de las centrales t\u00e9rmicas o de los parques de renovables que se licitaron desde 2016, cuyos precios est\u00e1n pactados en d\u00f3lares, todo eso atenuado por la mejora obtenida en la licitaci\u00f3n que hizo Cammesa el \u00faltimo viernes para el fluido que usar\u00e1 hasta diciembre.<\/p>\n","protected":false},"excerpt":{"rendered":"<p>Cuando todav\u00eda no est\u00e1 claro cu\u00e1l ser\u00e1 el aumento del gas para el p\u00fablico en octubre, el Gobierno anunci\u00f3 medidas para atenuar el alza en electricidad que se concretar\u00e1 un mes despu\u00e9s &nbsp; &nbsp; &nbsp; El secretario de Energ\u00eda, Javier Iguacel, inform\u00f3 que el viernes se realiz\u00f3 una licitaci\u00f3n para comprar gas destinado a Cammesa, la empresa controlada por el Estado que opera el despacho el\u00e9ctrico, en la cual se logr\u00f3 un precio promedio de u$s3, 69 por mill\u00f3n de btu. Esto significa una rebaja del 12% en d\u00f3lares con&#8230;<\/p>\n","protected":false},"author":3,"featured_media":32731,"comment_status":"closed","ping_status":"closed","sticky":false,"template":"","format":"standard","meta":[],"categories":[18],"tags":[],"_links":{"self":[{"href":"https:\/\/www.actualidadadiario.com\/index.php\/wp-json\/wp\/v2\/posts\/32901"}],"collection":[{"href":"https:\/\/www.actualidadadiario.com\/index.php\/wp-json\/wp\/v2\/posts"}],"about":[{"href":"https:\/\/www.actualidadadiario.com\/index.php\/wp-json\/wp\/v2\/types\/post"}],"author":[{"embeddable":true,"href":"https:\/\/www.actualidadadiario.com\/index.php\/wp-json\/wp\/v2\/users\/3"}],"replies":[{"embeddable":true,"href":"https:\/\/www.actualidadadiario.com\/index.php\/wp-json\/wp\/v2\/comments?post=32901"}],"version-history":[{"count":1,"href":"https:\/\/www.actualidadadiario.com\/index.php\/wp-json\/wp\/v2\/posts\/32901\/revisions"}],"predecessor-version":[{"id":32902,"href":"https:\/\/www.actualidadadiario.com\/index.php\/wp-json\/wp\/v2\/posts\/32901\/revisions\/32902"}],"wp:featuredmedia":[{"embeddable":true,"href":"https:\/\/www.actualidadadiario.com\/index.php\/wp-json\/wp\/v2\/media\/32731"}],"wp:attachment":[{"href":"https:\/\/www.actualidadadiario.com\/index.php\/wp-json\/wp\/v2\/media?parent=32901"}],"wp:term":[{"taxonomy":"category","embeddable":true,"href":"https:\/\/www.actualidadadiario.com\/index.php\/wp-json\/wp\/v2\/categories?post=32901"},{"taxonomy":"post_tag","embeddable":true,"href":"https:\/\/www.actualidadadiario.com\/index.php\/wp-json\/wp\/v2\/tags?post=32901"}],"curies":[{"name":"wp","href":"https:\/\/api.w.org\/{rel}","templated":true}]}}