{"id":32898,"date":"2018-09-10T11:15:52","date_gmt":"2018-09-10T14:15:52","guid":{"rendered":"https:\/\/www.actualidadadiario.com\/?p=32898"},"modified":"2018-11-06T19:38:04","modified_gmt":"2018-11-06T22:38:04","slug":"provincias-afinan-el-lapiz-para-acotar-el-ajuste-2019-con-mayor-presion-tributaria","status":"publish","type":"post","link":"https:\/\/www.actualidadadiario.com\/index.php\/2018\/09\/10\/provincias-afinan-el-lapiz-para-acotar-el-ajuste-2019-con-mayor-presion-tributaria\/","title":{"rendered":"Provincias afinan el l\u00e1piz para acotar el ajuste 2019 con mayor presi\u00f3n tributaria"},"content":{"rendered":"<p><em><strong>Ma\u00f1ana se discutir\u00e1 si se demora la baja de Ingresos Brutos o de Sellos y c\u00f3mo las provincias absorben la tarifa social el\u00e9ctrica, en la previa de la foto del acuerdo<\/strong><\/em><\/p>\n<p>&nbsp;<\/p>\n<p>&nbsp;<\/p>\n<p>&nbsp;<\/p>\n<p>&nbsp;<\/p>\n<p>Este martes, a las 17, la mayor\u00eda de los gobernadores provinciales, el jefe de Gobierno de la Ciudad Aut\u00f3noma de Buenos Aires y el presidente Mauricio Macri se tomar\u00e1n una foto cuyos destinatarios reales est\u00e1n a miles de kil\u00f3metros de distancia.<\/p>\n<p>&nbsp;<\/p>\n<p>Aunque algunos de los jefes provinciales sonreir\u00e1n y otros mostrar\u00e1n gestos adustos, la mayor\u00eda est\u00e1 de acuerdo con la necesidad de darle una herramienta de gobernabilidad al Ejecutivo de cara al 2019. Las diferencias est\u00e1n en d\u00f3nde y c\u00f3mo ser\u00e1 el ajuste.<\/p>\n<p>&nbsp;<\/p>\n<p>Hasta ahora se defini\u00f3 que habr\u00e1 una addenda al Pacto Fiscal, pero el mismo martes se discutir\u00e1 cu\u00e1l es el impuesto que prorrogar\u00e1 su camino de descenso durante el a\u00f1o pr\u00f3ximo.<\/p>\n<p>&nbsp;<\/p>\n<p>&#8220;Vamos a tener una discusi\u00f3n el martes respecto de la addenda del Pacto Fiscal acordada la semana pasada, particularmente si lo que se prorroga por 12 meses es la baja Ingresos Brutos (IIBB) o Sellos&#8221;, reconoci\u00f3 una fuente de la Casa Rosada que sigue de cerca las negociaciones con las provincias. &#8220;Nosotros queremos que sea Sellos y no tocar Ingresos Brutos, pero depender\u00e1 de la discusi\u00f3n. Si hay m\u00e1s provincias que prefieren tocar Ingresos Brutos no vamos a dar muchas vueltas&#8221;, reconoci\u00f3.<\/p>\n<p>&nbsp;<\/p>\n<p>La foto estar\u00eda asegurada, m\u00e1s despu\u00e9s del \u00faltimo encuentro con los ministros provinciales donde el Ejecutivo mostr\u00f3 con m\u00e1s detalles los n\u00fameros del ajuste. Pero eso no significar\u00eda un cheque en blanco, ya que en la puja por el ajuste que quiere la Naci\u00f3n de $ 500.000 millones, las provincias buscar\u00e1n reducir el impacto porque, como repiten sus ministros de Econom\u00eda,&#8221;todo lo que ajuste la Naci\u00f3n repercute en el territorio y el territorio son las provincias&#8221;. Hay dos sectores con posturas disimiles.<\/p>\n<p>&nbsp;<\/p>\n<p>Por el lado de los distritos m\u00e1s &#8220;dialoguistas&#8221; est\u00e1n C\u00f3rdoba; San Juan; Salta; Chaco; Misiones; R\u00edo Negro; Entre R\u00edos; Neuqu\u00e9n y las de Cambiemos Buenos Aires; Mendoza; Jujuy y Corrientes. Del lado de los &#8220;duros&#8221; quedaron San Luis; La Pampa; Santa Fe; Chubut; Santa Cruz; Tucum\u00e1n; Tierra del Fuego; Catamarca; Formosa; La Rioja y Santiago del Estero.<\/p>\n<p>&nbsp;<\/p>\n<p>Este \u00faltimo grupo todav\u00eda sigue molesto con las decisiones inconsultas del Gobierno como la quita adelantada del fondo sojero, el ajuste acordado con FMI y la persistencia de discutir n\u00fameros &#8220;sin que nos dejen ning\u00fan papel&#8221;, por lo que mantienen distancia frente a la posibilidad que aparezcan recortes en partidas que no fueron discutidas con sus ministros.<\/p>\n<p>&nbsp;<\/p>\n<p>&#8220;Lo que vamos a hacer es, por primera vez, informarnos c\u00f3mo es el Presupuesto. Supongo que nos entregar\u00e1n el Presupuesto en la mano para estudiarlo. Despu\u00e9s de que nos vayamos el martes, vamos a estudiarlo y seguramente vamos a proponer modificaciones, porque \u00bfqui\u00e9n quiere votar el Presupuesto del FMI? Yo no&#8221;, se\u00f1al\u00f3 Adolfo Rodr\u00edguez Sa\u00e1 a una radio provincial.<\/p>\n<p>&nbsp;<\/p>\n<p>Por su parte, el santafesino Miguel Lifschitz, que ya avis\u00f3 que no podr\u00e1 asistir, dijo que &#8220;Yo no quiero ser socio del ajuste. Hay que defender la gobernabilidad, pero no estoy de acuerdo con el recorte de los recursos a las provincias&#8221;.<\/p>\n<p>&nbsp;<\/p>\n<p>Estos dichos molestaron en la Casa Rosada donde se\u00f1alan que los que se oponen lo hacen &#8220;por intereses electorales&#8221;.<\/p>\n<p>&nbsp;<\/p>\n<p>Pero, adem\u00e1s de la addenda, la reuni\u00f3n previa a la foto tratar\u00e1 otro tema: la tarifa social energ\u00e9tica. El ministro Rogelio Frigerio cumpli\u00f3 con el compromiso de dar de baja la resoluci\u00f3n que transfer\u00eda a las provincias y consensuar con las provincias el modelo. &#8220;Vamos a terminar a consensuar la tarifa social energ\u00e9tica con las provincias. Cumplimos con los gobernadores de levantar la resoluci\u00f3n y cerrar bien con ellos la forma en que van a absorberlo. Lo discutiremos el martes&#8221;, explicaron desde el entorno del ministro de Interior, Obras P\u00fablicas y Vivienda.<\/p>\n","protected":false},"excerpt":{"rendered":"<p>Ma\u00f1ana se discutir\u00e1 si se demora la baja de Ingresos Brutos o de Sellos y c\u00f3mo las provincias absorben la tarifa social el\u00e9ctrica, en la previa de la foto del acuerdo &nbsp; &nbsp; &nbsp; &nbsp; Este martes, a las 17, la mayor\u00eda de los gobernadores provinciales, el jefe de Gobierno de la Ciudad Aut\u00f3noma de Buenos Aires y el presidente Mauricio Macri se tomar\u00e1n una foto cuyos destinatarios reales est\u00e1n a miles de kil\u00f3metros de distancia. &nbsp; Aunque algunos de los jefes provinciales sonreir\u00e1n y otros mostrar\u00e1n gestos adustos, la&#8230;<\/p>\n","protected":false},"author":3,"featured_media":32899,"comment_status":"closed","ping_status":"closed","sticky":false,"template":"","format":"standard","meta":[],"categories":[9,18],"tags":[],"_links":{"self":[{"href":"https:\/\/www.actualidadadiario.com\/index.php\/wp-json\/wp\/v2\/posts\/32898"}],"collection":[{"href":"https:\/\/www.actualidadadiario.com\/index.php\/wp-json\/wp\/v2\/posts"}],"about":[{"href":"https:\/\/www.actualidadadiario.com\/index.php\/wp-json\/wp\/v2\/types\/post"}],"author":[{"embeddable":true,"href":"https:\/\/www.actualidadadiario.com\/index.php\/wp-json\/wp\/v2\/users\/3"}],"replies":[{"embeddable":true,"href":"https:\/\/www.actualidadadiario.com\/index.php\/wp-json\/wp\/v2\/comments?post=32898"}],"version-history":[{"count":1,"href":"https:\/\/www.actualidadadiario.com\/index.php\/wp-json\/wp\/v2\/posts\/32898\/revisions"}],"predecessor-version":[{"id":32900,"href":"https:\/\/www.actualidadadiario.com\/index.php\/wp-json\/wp\/v2\/posts\/32898\/revisions\/32900"}],"wp:featuredmedia":[{"embeddable":true,"href":"https:\/\/www.actualidadadiario.com\/index.php\/wp-json\/wp\/v2\/media\/32899"}],"wp:attachment":[{"href":"https:\/\/www.actualidadadiario.com\/index.php\/wp-json\/wp\/v2\/media?parent=32898"}],"wp:term":[{"taxonomy":"category","embeddable":true,"href":"https:\/\/www.actualidadadiario.com\/index.php\/wp-json\/wp\/v2\/categories?post=32898"},{"taxonomy":"post_tag","embeddable":true,"href":"https:\/\/www.actualidadadiario.com\/index.php\/wp-json\/wp\/v2\/tags?post=32898"}],"curies":[{"name":"wp","href":"https:\/\/api.w.org\/{rel}","templated":true}]}}