{"id":32895,"date":"2018-09-10T11:15:10","date_gmt":"2018-09-10T14:15:10","guid":{"rendered":"https:\/\/www.actualidadadiario.com\/?p=32895"},"modified":"2018-11-06T19:38:04","modified_gmt":"2018-11-06T22:38:04","slug":"frigerio-vamos-a-hablar-a-agenda-abierta-con-los-gobernadores","status":"publish","type":"post","link":"https:\/\/www.actualidadadiario.com\/index.php\/2018\/09\/10\/frigerio-vamos-a-hablar-a-agenda-abierta-con-los-gobernadores\/","title":{"rendered":"Frigerio: &#8220;Vamos a hablar a agenda abierta con los gobernadores&#8221;"},"content":{"rendered":"<p><em><strong>El ministro del Interior habl\u00f3 de la reuni\u00f3n que Macri mantendr\u00e1 ma\u00f1ana con los mandatarios provinciales para acordar la aprobaci\u00f3n del Presupuesto 2019, en medio del programa que se est\u00e1 rediagramando con el FMI para que se adelanten fondos<\/strong><\/em><\/p>\n<p>&nbsp;<\/p>\n<p>&nbsp;<\/p>\n<p>&nbsp;<\/p>\n<p>El ministro del Interior, Rogelio Frigerio, habl\u00f3 de la suba vertiginosa del d\u00f3lar y c\u00f3mo esa crisis fortaleci\u00f3 a Cambiemos. Dijo adem\u00e1s que hay que reconocer que &#8220;la oposici\u00f3n que garantiza la gobernabilidad&#8221;, y se\u00f1al\u00f3 que en estos momentos complicados del pa\u00eds hay que &#8220;probar que el presidente Mauricio Macri es el mejor piloto de tormentas&#8221;.<\/p>\n<p>&nbsp;<\/p>\n<p>&#8220;Nadie sabe si tendremos otro shock. Nosotros creemos que lo peor ya pas\u00f3 y que pudimos controlar la tormenta&#8221;, asegur\u00f3.<\/p>\n<p>&nbsp;<\/p>\n<p>&#8220;As\u00ed como pudimos probar que el Presidente fue eficiente en un contexto internacional normal, ahora tenemos que probar que es el mejor piloto de tormentas en un momento dif\u00edcil&#8221;, plante\u00f3 el funcionario de dialogo con Luis Majul, en La Cornisa.<\/p>\n<p>&nbsp;<\/p>\n<p>En ese sentido, Frigerio se\u00f1al\u00f3: &#8220;Tenemos que seguir por este camino y tenemos que entender que la madre de todos los problemas econ\u00f3micos en la Argentina es que el Estado siempre gasta m\u00e1s de lo que tiene. Eso es lo que dispara la inflaci\u00f3n y genera los problemas. Por primera vez hay una conciencia mayoritaria de los que tenemos responsabilidad pol\u00edtica&#8221;.<\/p>\n<p>&nbsp;<\/p>\n<p>Por otro lado, el ministro sostuvo que &#8220;no hay que dedicarle mucho tiempo a los planteos de (Hugo) Moyano o (Luis) D&#8217;El\u00eda&#8221;, quienes viene realizando duras cr\u00edticas al Gobierno e incluso sugirieron la posibilidad de que no cumpla el mandato. &#8220;Qu\u00e9 representatividad tienen&#8221;, pregunt\u00f3 el ministro.<\/p>\n<p>&nbsp;<\/p>\n<p>&#8220;Hay que corregir los problemas econ\u00f3micos, sociales, bajar las tasas para mejorar el acceso a los cr\u00e9ditos, de esos temas hay que preocuparse, de volver r\u00e1pidamente a una agenda de desarrollo porque hasta abril ven\u00edamos creciendo bien&#8221;, enfatiz\u00f3.<\/p>\n<p>&nbsp;<\/p>\n<p>Por otro lado, Frigerio se pronunci\u00f3 sobre la reuni\u00f3n que Macri mantendr\u00e1 este martes con los gobernadores para acordar la aprobaci\u00f3n del Presupuesto 2019 en medio del programa que se est\u00e1 rediagramando con el FMI para que se adelanten fondos.<\/p>\n<p>&nbsp;<\/p>\n<p>&#8220;Nosotros vamos a hablar a agenda abierta con los gobernadores el martes que viene. Como pasa en cualquier pa\u00eds federal. Pero si venimos trabajando de manera t\u00e9cnica con los ministros de Hacienda de las provincias y estamos cerca de llegar a un acuerdo de un presupuesto equilibrado&#8221;, plante\u00f3.<\/p>\n","protected":false},"excerpt":{"rendered":"<p>El ministro del Interior habl\u00f3 de la reuni\u00f3n que Macri mantendr\u00e1 ma\u00f1ana con los mandatarios provinciales para acordar la aprobaci\u00f3n del Presupuesto 2019, en medio del programa que se est\u00e1 rediagramando con el FMI para que se adelanten fondos &nbsp; &nbsp; &nbsp; El ministro del Interior, Rogelio Frigerio, habl\u00f3 de la suba vertiginosa del d\u00f3lar y c\u00f3mo esa crisis fortaleci\u00f3 a Cambiemos. Dijo adem\u00e1s que hay que reconocer que &#8220;la oposici\u00f3n que garantiza la gobernabilidad&#8221;, y se\u00f1al\u00f3 que en estos momentos complicados del pa\u00eds hay que &#8220;probar que el presidente&#8230;<\/p>\n","protected":false},"author":3,"featured_media":32896,"comment_status":"closed","ping_status":"closed","sticky":false,"template":"","format":"standard","meta":[],"categories":[18],"tags":[],"_links":{"self":[{"href":"https:\/\/www.actualidadadiario.com\/index.php\/wp-json\/wp\/v2\/posts\/32895"}],"collection":[{"href":"https:\/\/www.actualidadadiario.com\/index.php\/wp-json\/wp\/v2\/posts"}],"about":[{"href":"https:\/\/www.actualidadadiario.com\/index.php\/wp-json\/wp\/v2\/types\/post"}],"author":[{"embeddable":true,"href":"https:\/\/www.actualidadadiario.com\/index.php\/wp-json\/wp\/v2\/users\/3"}],"replies":[{"embeddable":true,"href":"https:\/\/www.actualidadadiario.com\/index.php\/wp-json\/wp\/v2\/comments?post=32895"}],"version-history":[{"count":1,"href":"https:\/\/www.actualidadadiario.com\/index.php\/wp-json\/wp\/v2\/posts\/32895\/revisions"}],"predecessor-version":[{"id":32897,"href":"https:\/\/www.actualidadadiario.com\/index.php\/wp-json\/wp\/v2\/posts\/32895\/revisions\/32897"}],"wp:featuredmedia":[{"embeddable":true,"href":"https:\/\/www.actualidadadiario.com\/index.php\/wp-json\/wp\/v2\/media\/32896"}],"wp:attachment":[{"href":"https:\/\/www.actualidadadiario.com\/index.php\/wp-json\/wp\/v2\/media?parent=32895"}],"wp:term":[{"taxonomy":"category","embeddable":true,"href":"https:\/\/www.actualidadadiario.com\/index.php\/wp-json\/wp\/v2\/categories?post=32895"},{"taxonomy":"post_tag","embeddable":true,"href":"https:\/\/www.actualidadadiario.com\/index.php\/wp-json\/wp\/v2\/tags?post=32895"}],"curies":[{"name":"wp","href":"https:\/\/api.w.org\/{rel}","templated":true}]}}