{"id":3289,"date":"2016-10-25T10:23:58","date_gmt":"2016-10-25T13:23:58","guid":{"rendered":"http:\/\/actualidadadiario.com\/site\/?p=3289"},"modified":"2016-10-25T10:23:58","modified_gmt":"2016-10-25T13:23:58","slug":"los-ministros-de-macri-intentaran-que-avancen-los-recortes-en-el-presupuesto","status":"publish","type":"post","link":"https:\/\/www.actualidadadiario.com\/index.php\/2016\/10\/25\/los-ministros-de-macri-intentaran-que-avancen-los-recortes-en-el-presupuesto\/","title":{"rendered":"Los ministros de Macri intentar\u00e1n que avancen los recortes en el Presupuesto"},"content":{"rendered":"<p><em><strong>Los principales funcionarios expondr\u00e1n en comisi\u00f3n de Diputados para que pase la ley de leyes con los ajustes en salud, cultura y energ\u00eda<\/strong><\/em><\/p>\n<p>&nbsp;<\/p>\n<p>&nbsp;<\/p>\n<p>&nbsp;<\/p>\n<p>&nbsp;<\/p>\n<p>Con la presencia del ministro de Transporte, Guillermo Dietrich, el proyecto de Presupuesto 2017 transitar\u00e1 ma\u00f1ana sus \u00faltimas horas de debate en comisi\u00f3n, antes de encaminarse a tener tratamiento en el recinto de la C\u00e1mara Baja en una sesi\u00f3n prevista para el mi\u00e9rcoles 2 de noviembre.<\/p>\n<p>&nbsp;<\/p>\n<p>El funcionario ser\u00e1 el \u00faltimo ministro en exponer en la comisi\u00f3n de Presupuesto y Hacienda, luego de las intervenciones en reuniones previas de Alfonso Prat Gay (Hacienda y Finanzas), Rogelio Frigerio (Interior), Carolina Stanley (Desarrollo Social), Esteban Bullrich (Educaci\u00f3n).<\/p>\n<p>&nbsp;<\/p>\n<p>La reuni\u00f3n comenzar\u00e1 presidida por el diputado macrista Luciano Laspina a las 11. Reci\u00e9n se avanzar\u00eda en la firma del dictamen el jueves que viene, de manera tal de poder llevar la iniciativa al recinto el mi\u00e9rcoles 2 de noviembre (en una marat\u00f3nica sesi\u00f3n que podr\u00eda tener cuarto intermedio por la noche y continuar el jueves 3).<\/p>\n<p>&nbsp;<\/p>\n<p>La comisi\u00f3n de Presupuesto y Hacienda tambi\u00e9n tiene en carpeta emitir despacho favorable a la llamada ley de &#8220;superpoderes&#8221; que envi\u00f3 el Poder Ejecutivo para limitar la reasignaci\u00f3n de partidas presupuestarias.<\/p>\n<p>&nbsp;<\/p>\n<p>Los ministerios de Energ\u00eda, Producci\u00f3n, Agroindustria, Cultura y Salud son los que mayores recortes registran en el proyecto de Presupuesto para el a\u00f1o pr\u00f3ximo. Con reducciones de fondos o incrementos nominales por debajo de la inflaci\u00f3n calculada para el a\u00f1o que viene, los recortes reales en esos ministerios oscilan entre el 12% y el 31%.<\/p>\n<p>&nbsp;<\/p>\n<p>A esas reducciones se suman algunas de menor nivel, como la que sufre el Ministerio de Ciencia y Tecnolog\u00eda, as\u00ed como reducciones puntuales en \u00e1reas espec\u00edficas o programas de otras carteras, como el Progresar, y diversos planes del Ministerio de Justicia vinculados a la pol\u00edtica &#8220;memoria, verdad y justicia&#8221;.<\/p>\n<p>&nbsp;<\/p>\n<p>En la Anses, mientras tanto, se registra un fuerte recorte del plan Progresar, destinado a la formaci\u00f3n de j\u00f3venes pobres, que pasa en t\u00e9rminos nominales de $ 8.900 millones a $ 5.500 millones.<\/p>\n<p>&nbsp;<\/p>\n<p>El proyecto del Gobierno, que modifica la ley de Administraci\u00f3n Financiera, propone limitar a un 10% la capacidad del Estado para reasignar partidas en 2017 y luego ir reduciendo el porcentaje de forma gradual para llegar a la mitad de tope en 2019. La oposici\u00f3n, por su parte, pretende que el techo del 5% aplique desde el 2017 inclusive.<\/p>\n","protected":false},"excerpt":{"rendered":"<p>Los principales funcionarios expondr\u00e1n en comisi\u00f3n de Diputados para que pase la ley de leyes con los ajustes en salud, cultura y energ\u00eda &nbsp; &nbsp; &nbsp; &nbsp; Con la presencia del ministro de Transporte, Guillermo Dietrich, el proyecto de Presupuesto 2017 transitar\u00e1 ma\u00f1ana sus \u00faltimas horas de debate en comisi\u00f3n, antes de encaminarse a tener tratamiento en el recinto de la C\u00e1mara Baja en una sesi\u00f3n prevista para el mi\u00e9rcoles 2 de noviembre. &nbsp; El funcionario ser\u00e1 el \u00faltimo ministro en exponer en la comisi\u00f3n de Presupuesto y Hacienda, luego&#8230;<\/p>\n","protected":false},"author":3,"featured_media":3290,"comment_status":"closed","ping_status":"closed","sticky":false,"template":"","format":"standard","meta":[],"categories":[2],"tags":[],"_links":{"self":[{"href":"https:\/\/www.actualidadadiario.com\/index.php\/wp-json\/wp\/v2\/posts\/3289"}],"collection":[{"href":"https:\/\/www.actualidadadiario.com\/index.php\/wp-json\/wp\/v2\/posts"}],"about":[{"href":"https:\/\/www.actualidadadiario.com\/index.php\/wp-json\/wp\/v2\/types\/post"}],"author":[{"embeddable":true,"href":"https:\/\/www.actualidadadiario.com\/index.php\/wp-json\/wp\/v2\/users\/3"}],"replies":[{"embeddable":true,"href":"https:\/\/www.actualidadadiario.com\/index.php\/wp-json\/wp\/v2\/comments?post=3289"}],"version-history":[{"count":1,"href":"https:\/\/www.actualidadadiario.com\/index.php\/wp-json\/wp\/v2\/posts\/3289\/revisions"}],"predecessor-version":[{"id":3291,"href":"https:\/\/www.actualidadadiario.com\/index.php\/wp-json\/wp\/v2\/posts\/3289\/revisions\/3291"}],"wp:featuredmedia":[{"embeddable":true,"href":"https:\/\/www.actualidadadiario.com\/index.php\/wp-json\/wp\/v2\/media\/3290"}],"wp:attachment":[{"href":"https:\/\/www.actualidadadiario.com\/index.php\/wp-json\/wp\/v2\/media?parent=3289"}],"wp:term":[{"taxonomy":"category","embeddable":true,"href":"https:\/\/www.actualidadadiario.com\/index.php\/wp-json\/wp\/v2\/categories?post=3289"},{"taxonomy":"post_tag","embeddable":true,"href":"https:\/\/www.actualidadadiario.com\/index.php\/wp-json\/wp\/v2\/tags?post=3289"}],"curies":[{"name":"wp","href":"https:\/\/api.w.org\/{rel}","templated":true}]}}