{"id":32889,"date":"2018-09-10T11:13:54","date_gmt":"2018-09-10T14:13:54","guid":{"rendered":"https:\/\/www.actualidadadiario.com\/?p=32889"},"modified":"2018-11-06T19:38:08","modified_gmt":"2018-11-06T22:38:08","slug":"la-oposicion-intentara-anular-desde-el-congreso-el-dnu-que-elimino-el-fondo-sojero","status":"publish","type":"post","link":"https:\/\/www.actualidadadiario.com\/index.php\/2018\/09\/10\/la-oposicion-intentara-anular-desde-el-congreso-el-dnu-que-elimino-el-fondo-sojero\/","title":{"rendered":"La oposici\u00f3n intentar\u00e1 anular desde el Congreso el DNU que elimin\u00f3 el fondo sojero"},"content":{"rendered":"<p><em><strong>Este martes se reunir\u00e1 en el Senado la Comisi\u00f3n Bicameral Permanente de Tr\u00e1mite Legislativo. Los gobernadores se vieron perjudicados por la medida<\/strong><\/em><\/p>\n<p>&nbsp;<\/p>\n<p>&nbsp;<\/p>\n<p>&nbsp;<\/p>\n<p>Mientras el gobierno nacional negocia con las provincias el Presupuesto 2019, la Comisi\u00f3n Bicameral Permanente de Tr\u00e1mite Legislativo tratar\u00e1 este martes el decreto que elimin\u00f3 el Fondo Federal Solidario, tambi\u00e9n conocido como fondo sojero.<\/p>\n<p>&nbsp;<\/p>\n<p>La reuni\u00f3n se llevar\u00e1 a cabo al mediod\u00eda en el Sal\u00f3n Illia del Senado de la Naci\u00f3n, poco antes de que el presidente Macri se encuentre con los gobernadores en el Casa Rosada.<\/p>\n<p>&nbsp;<\/p>\n<p>El DNU 756\/18, que suprimi\u00f3 el Fondo Federal Solidario creado por la ex presidenta Cristina Kirchner en 2009, abri\u00f3 un nuevo conflicto entre el primer mandatario y los gobernadores, ya que constitu\u00eda una fuente de ingresos muy importante para las econom\u00edas provinciales y municipales.<\/p>\n<p>&nbsp;<\/p>\n<p>El fondo sojero significaba la coparticipaci\u00f3n del 30% de lo recaudado por Naci\u00f3n en concepto de derechos de exportaci\u00f3n de granos de soja y el 27% de harinas y aceites de soja.<\/p>\n<p>&nbsp;<\/p>\n<p>El decreto gener\u00f3 descontento entre los mandatarios provinciales, ya que la continuidad de este fondo estaba garantizada en el pacto fiscal que hab\u00edan firmado el a\u00f1o pasado con la administraci\u00f3n nacional.<\/p>\n<p>&nbsp;<\/p>\n<p>La comisi\u00f3n bicameral que deber\u00e1 dictaminar sobre la validez o nulidad del DNU est\u00e1 conformada por ocho legisladores del oficialismo y ocho de la oposici\u00f3n.<\/p>\n<p>&nbsp;<\/p>\n<p>En caso de empate en la cantidad de votos, desempatar\u00e1 el presidente de la comisi\u00f3n, el radical Luis Naidenoff, de modo tal que Cambiemos lograr\u00eda convalidar el decreto.<\/p>\n","protected":false},"excerpt":{"rendered":"<p>Este martes se reunir\u00e1 en el Senado la Comisi\u00f3n Bicameral Permanente de Tr\u00e1mite Legislativo. Los gobernadores se vieron perjudicados por la medida &nbsp; &nbsp; &nbsp; Mientras el gobierno nacional negocia con las provincias el Presupuesto 2019, la Comisi\u00f3n Bicameral Permanente de Tr\u00e1mite Legislativo tratar\u00e1 este martes el decreto que elimin\u00f3 el Fondo Federal Solidario, tambi\u00e9n conocido como fondo sojero. &nbsp; La reuni\u00f3n se llevar\u00e1 a cabo al mediod\u00eda en el Sal\u00f3n Illia del Senado de la Naci\u00f3n, poco antes de que el presidente Macri se encuentre con los gobernadores en&#8230;<\/p>\n","protected":false},"author":3,"featured_media":32890,"comment_status":"closed","ping_status":"closed","sticky":false,"template":"","format":"standard","meta":[],"categories":[18],"tags":[],"_links":{"self":[{"href":"https:\/\/www.actualidadadiario.com\/index.php\/wp-json\/wp\/v2\/posts\/32889"}],"collection":[{"href":"https:\/\/www.actualidadadiario.com\/index.php\/wp-json\/wp\/v2\/posts"}],"about":[{"href":"https:\/\/www.actualidadadiario.com\/index.php\/wp-json\/wp\/v2\/types\/post"}],"author":[{"embeddable":true,"href":"https:\/\/www.actualidadadiario.com\/index.php\/wp-json\/wp\/v2\/users\/3"}],"replies":[{"embeddable":true,"href":"https:\/\/www.actualidadadiario.com\/index.php\/wp-json\/wp\/v2\/comments?post=32889"}],"version-history":[{"count":1,"href":"https:\/\/www.actualidadadiario.com\/index.php\/wp-json\/wp\/v2\/posts\/32889\/revisions"}],"predecessor-version":[{"id":32891,"href":"https:\/\/www.actualidadadiario.com\/index.php\/wp-json\/wp\/v2\/posts\/32889\/revisions\/32891"}],"wp:featuredmedia":[{"embeddable":true,"href":"https:\/\/www.actualidadadiario.com\/index.php\/wp-json\/wp\/v2\/media\/32890"}],"wp:attachment":[{"href":"https:\/\/www.actualidadadiario.com\/index.php\/wp-json\/wp\/v2\/media?parent=32889"}],"wp:term":[{"taxonomy":"category","embeddable":true,"href":"https:\/\/www.actualidadadiario.com\/index.php\/wp-json\/wp\/v2\/categories?post=32889"},{"taxonomy":"post_tag","embeddable":true,"href":"https:\/\/www.actualidadadiario.com\/index.php\/wp-json\/wp\/v2\/tags?post=32889"}],"curies":[{"name":"wp","href":"https:\/\/api.w.org\/{rel}","templated":true}]}}