{"id":32883,"date":"2018-09-10T11:12:11","date_gmt":"2018-09-10T14:12:11","guid":{"rendered":"https:\/\/www.actualidadadiario.com\/?p=32883"},"modified":"2018-11-06T19:38:08","modified_gmt":"2018-11-06T22:38:08","slug":"las-industrias-utilizan-cada-vez-menos-sus-maquinas-y-preocupa-el-empleo-fabril","status":"publish","type":"post","link":"https:\/\/www.actualidadadiario.com\/index.php\/2018\/09\/10\/las-industrias-utilizan-cada-vez-menos-sus-maquinas-y-preocupa-el-empleo-fabril\/","title":{"rendered":"Las industrias utilizan cada vez menos sus m\u00e1quinas y preocupa el empleo fabril"},"content":{"rendered":"<p><em><strong>Las m\u00e1quinas en actividad son apenas seis de cada diez en la industria aunque hay sectores que est\u00e1n por debajo del 50% de su capacidad instalada funcionando de manera completa, seg\u00fan la estimaci\u00f3n de los empresarios del sector. La cr\u00edtica situaci\u00f3n del mercado interno y la presi\u00f3n impositiva para la exportaci\u00f3n generaron un escenario de mayor recesi\u00f3n en la actividad fabril que en el resto de la econom\u00eda, y profundiz\u00f3 las preocupaciones por la ca\u00edda del empleo<\/strong><\/em><\/p>\n<p>&nbsp;<\/p>\n<p>&nbsp;<\/p>\n<p>&nbsp;<\/p>\n<p>&nbsp;<\/p>\n<p>Fuentes de la UIA adelantaron que las estad\u00edsticas preliminares que tienen por sectores mostraron una retracci\u00f3n en el uso de la maquinaria de las f\u00e1bricas. Esos datos ser\u00edan confirmadas por el INDEC el mi\u00e9rcoles pr\u00f3ximo cuando publique el \u00edndice de Utilizaci\u00f3n de la Capacidad Instalada en la Industria (UCII) correspondiente a julio, con el antecedente del 61,8% de junio, en donde se vio el segundo peor registro del a\u00f1o.<\/p>\n<p>&nbsp;<\/p>\n<p>&#8220;Estamos trabajando a media m\u00e1quina, y ya no es una met\u00e1fora. Escuchamos al presidente (Mauricio Macri) con un sentimiento m\u00e1s cercano a lo que nos pasa, pero da definiciones err\u00f3neas que demuestran que est\u00e1 mal asesorado o que vive en un mundo alejado de la realidad&#8221;, se quej\u00f3 uno de los due\u00f1os de una textil que particip\u00f3 de la 24\u00b0 Conferencia Industrial de la UIA.<\/p>\n<p>&nbsp;<\/p>\n<p>Sucede que Macri hab\u00eda dicho ante los industriales que en sus primeros dos a\u00f1os de gesti\u00f3n &#8220;las empresas en todo el pa\u00eds invirtieron en maquinaria, tecnolog\u00eda, mejoramiento de procesos&#8221;, y que &#8220;en 2017 hubo r\u00e9cord de incorporaci\u00f3n de bienes de capital&#8221;. &#8220;Esto significa que hoy tenemos m\u00e1s empresas mejor preparadas para ser m\u00e1s productivas&#8221;, enfatiz\u00f3.<\/p>\n<p>&nbsp;<\/p>\n<p>Esa mirada positiva contrast\u00f3 con el pesimismo que reina entre los empresarios fabriles, que pronosticaron una recesi\u00f3n extendida, de &#8220;al menos un a\u00f1o&#8221;, en donde la reducci\u00f3n del funcionamiento de las f\u00e1bricas llev\u00f3 a pronosticar una profundizaci\u00f3n de la crisis laboral. &#8220;Lo \u00faltimo que queremos hacer es perder a los trabajadores que nos cost\u00f3 capacitar, pero ya estamos en un contexto de eliminaci\u00f3n de horas extras y cierre de plantas temporarias&#8221;, confirm\u00f3 el l\u00edder de una compa\u00f1\u00eda alimenticia.<\/p>\n<p>&nbsp;<\/p>\n<p>De hecho, el \u00edndice de la consultora Investigaciones Econ\u00f3micas Sectoriales (IES Consultores) marc\u00f3 un suave descenso en la producci\u00f3n de bebidas del 0,4% en los primeros sietes meses de 2018, como consecuencia de la fuerte contracci\u00f3n del 9% interanual en julio. El consumo total de bebidas (en hectolitros) mostr\u00f3 un leve aumento del 0,3% en el acumulado a julio del corriente a\u00f1o, aunque verific\u00f3 un sendero de fuerte desaceleraci\u00f3n de las ventas desde mayo, con una merma de 2,3% en comparaci\u00f3n con el mismo mes del a\u00f1o pasado.<\/p>\n","protected":false},"excerpt":{"rendered":"<p>Las m\u00e1quinas en actividad son apenas seis de cada diez en la industria aunque hay sectores que est\u00e1n por debajo del 50% de su capacidad instalada funcionando de manera completa, seg\u00fan la estimaci\u00f3n de los empresarios del sector. La cr\u00edtica situaci\u00f3n del mercado interno y la presi\u00f3n impositiva para la exportaci\u00f3n generaron un escenario de mayor recesi\u00f3n en la actividad fabril que en el resto de la econom\u00eda, y profundiz\u00f3 las preocupaciones por la ca\u00edda del empleo &nbsp; &nbsp; &nbsp; &nbsp; Fuentes de la UIA adelantaron que las estad\u00edsticas preliminares&#8230;<\/p>\n","protected":false},"author":3,"featured_media":32884,"comment_status":"closed","ping_status":"closed","sticky":false,"template":"","format":"standard","meta":[],"categories":[2],"tags":[],"_links":{"self":[{"href":"https:\/\/www.actualidadadiario.com\/index.php\/wp-json\/wp\/v2\/posts\/32883"}],"collection":[{"href":"https:\/\/www.actualidadadiario.com\/index.php\/wp-json\/wp\/v2\/posts"}],"about":[{"href":"https:\/\/www.actualidadadiario.com\/index.php\/wp-json\/wp\/v2\/types\/post"}],"author":[{"embeddable":true,"href":"https:\/\/www.actualidadadiario.com\/index.php\/wp-json\/wp\/v2\/users\/3"}],"replies":[{"embeddable":true,"href":"https:\/\/www.actualidadadiario.com\/index.php\/wp-json\/wp\/v2\/comments?post=32883"}],"version-history":[{"count":1,"href":"https:\/\/www.actualidadadiario.com\/index.php\/wp-json\/wp\/v2\/posts\/32883\/revisions"}],"predecessor-version":[{"id":32885,"href":"https:\/\/www.actualidadadiario.com\/index.php\/wp-json\/wp\/v2\/posts\/32883\/revisions\/32885"}],"wp:featuredmedia":[{"embeddable":true,"href":"https:\/\/www.actualidadadiario.com\/index.php\/wp-json\/wp\/v2\/media\/32884"}],"wp:attachment":[{"href":"https:\/\/www.actualidadadiario.com\/index.php\/wp-json\/wp\/v2\/media?parent=32883"}],"wp:term":[{"taxonomy":"category","embeddable":true,"href":"https:\/\/www.actualidadadiario.com\/index.php\/wp-json\/wp\/v2\/categories?post=32883"},{"taxonomy":"post_tag","embeddable":true,"href":"https:\/\/www.actualidadadiario.com\/index.php\/wp-json\/wp\/v2\/tags?post=32883"}],"curies":[{"name":"wp","href":"https:\/\/api.w.org\/{rel}","templated":true}]}}